{"id":5463,"date":"2024-01-16T08:41:33","date_gmt":"2024-01-16T07:41:33","guid":{"rendered":"https:\/\/ajuntamentbenissano.es\/?p=5463"},"modified":"2024-01-16T08:41:33","modified_gmt":"2024-01-16T07:41:33","slug":"manual-de-identidad-corporativa","status":"publish","type":"post","link":"https:\/\/ajuntamentbenissano.es\/es\/noticias\/manual-de-identidad-corporativa\/","title":{"rendered":"Manual de identidad corporativa"},"content":{"rendered":"<ul>\n<li><a href=\"https:\/\/ajuntamentbenissano.es\/wp-content\/uploads\/2024\/01\/20231015_MANUAL-IDENTIDAD-CORPORATIVA-2_compressed-1.pdf\">MANUAL IDENTIDAD CORPORATIVA<\/a><\/li>\n<\/ul>\n","protected":false},"excerpt":{"rendered":"<p>MANUAL IDENTIDAD CORPORATIVA<\/p>\n","protected":false},"author":1,"featured_media":5464,"comment_status":"open","ping_status":"open","sticky":false,"template":"","format":"standard","meta":[],"categories":[1],"tags":[],"yoast_head":"<!-- This site is optimized with the Yoast SEO plugin v19.10 - https:\/\/yoast.com\/wordpress\/plugins\/seo\/ -->\n<title>Manual de identidad corporativa - Ajuntament de Benissan\u00f3<\/title>\n<meta name=\"description\" content=\"Manual de identidad corporativa - Ajuntament de Benissan\u00f3\" \/>\n<meta name=\"robots\" content=\"index, follow, max-snippet:-1, max-image-preview:large, max-video-preview:-1\" \/>\n<link rel=\"canonical\" href=\"https:\/\/ajuntamentbenissano.es\/es\/noticias\/manual-de-identidad-corporativa\/\" \/>\n<meta property=\"og:locale\" content=\"es_ES\" \/>\n<meta property=\"og:type\" content=\"article\" \/>\n<meta property=\"og:title\" content=\"Manual de identidad corporativa - Ajuntament de Benissan\u00f3\" \/>\n<meta property=\"og:description\" content=\"Manual de identidad corporativa - Ajuntament de Benissan\u00f3\" \/>\n<meta property=\"og:url\" content=\"https:\/\/ajuntamentbenissano.es\/es\/noticias\/manual-de-identidad-corporativa\/\" \/>\n<meta property=\"og:site_name\" content=\"Ajuntament de Benissan\u00f3\" \/>\n<meta property=\"article:published_time\" content=\"2024-01-16T07:41:33+00:00\" \/>\n<meta name=\"author\" content=\"Ajuntament\" \/>\n<meta name=\"twitter:card\" content=\"summary_large_image\" \/>\n<meta name=\"twitter:image\" content=\"https:\/\/ajuntamentbenissano.es\/wp-content\/uploads\/2024\/01\/20231015_MANUAL-IDENTIDAD-CORPORATIVA-2_compressed-1-pdf.jpg\" \/>\n<meta name=\"twitter:label1\" content=\"Escrito por\" \/>\n\t<meta name=\"twitter:data1\" content=\"Ajuntament\" \/>\n\t<meta name=\"twitter:label2\" content=\"Tiempo de lectura\" \/>\n\t<meta name=\"twitter:data2\" content=\"1 minuto\" \/>\n<script type=\"application\/ld+json\" class=\"yoast-schema-graph\">{\"@context\":\"https:\/\/schema.org\",\"@graph\":[{\"@type\":\"Article\",\"@id\":\"https:\/\/ajuntamentbenissano.es\/es\/noticias\/manual-de-identidad-corporativa\/#article\",\"isPartOf\":{\"@id\":\"https:\/\/ajuntamentbenissano.es\/es\/noticias\/manual-de-identidad-corporativa\/\"},\"author\":{\"name\":\"Ajuntament\",\"@id\":\"https:\/\/ajuntamentbenissano.es\/#\/schema\/person\/cd2544d7fbf829d6e72cf74719348454\"},\"headline\":\"Manual de identidad corporativa\",\"datePublished\":\"2024-01-16T07:41:33+00:00\",\"dateModified\":\"2024-01-16T07:41:33+00:00\",\"mainEntityOfPage\":{\"@id\":\"https:\/\/ajuntamentbenissano.es\/es\/noticias\/manual-de-identidad-corporativa\/\"},\"wordCount\":7,\"commentCount\":0,\"publisher\":{\"@id\":\"https:\/\/ajuntamentbenissano.es\/#organization\"},\"articleSection\":[\"Noticias\"],\"inLanguage\":\"es\",\"potentialAction\":[{\"@type\":\"CommentAction\",\"name\":\"Comment\",\"target\":[\"https:\/\/ajuntamentbenissano.es\/es\/noticias\/manual-de-identidad-corporativa\/#respond\"]}]},{\"@type\":\"WebPage\",\"@id\":\"https:\/\/ajuntamentbenissano.es\/es\/noticias\/manual-de-identidad-corporativa\/\",\"url\":\"https:\/\/ajuntamentbenissano.es\/es\/noticias\/manual-de-identidad-corporativa\/\",\"name\":\"Manual de identidad corporativa - Ajuntament de Benissan\u00f3\",\"isPartOf\":{\"@id\":\"https:\/\/ajuntamentbenissano.es\/#website\"},\"datePublished\":\"2024-01-16T07:41:33+00:00\",\"dateModified\":\"2024-01-16T07:41:33+00:00\",\"description\":\"Manual de identidad corporativa - Ajuntament de Benissan\u00f3\",\"breadcrumb\":{\"@id\":\"https:\/\/ajuntamentbenissano.es\/es\/noticias\/manual-de-identidad-corporativa\/#breadcrumb\"},\"inLanguage\":\"es\",\"potentialAction\":[{\"@type\":\"ReadAction\",\"target\":[\"https:\/\/ajuntamentbenissano.es\/es\/noticias\/manual-de-identidad-corporativa\/\"]}]},{\"@type\":\"BreadcrumbList\",\"@id\":\"https:\/\/ajuntamentbenissano.es\/es\/noticias\/manual-de-identidad-corporativa\/#breadcrumb\",\"itemListElement\":[{\"@type\":\"ListItem\",\"position\":1,\"name\":\"Portada\",\"item\":\"https:\/\/ajuntamentbenissano.es\/es\/\"},{\"@type\":\"ListItem\",\"position\":2,\"name\":\"Manual de identidad corporativa\"}]},{\"@type\":\"WebSite\",\"@id\":\"https:\/\/ajuntamentbenissano.es\/#website\",\"url\":\"https:\/\/ajuntamentbenissano.es\/\",\"name\":\"Ajuntament de Benissan\u00f3\",\"description\":\"Benissan\u00f3, un poble amb hist\u00f2ria\",\"publisher\":{\"@id\":\"https:\/\/ajuntamentbenissano.es\/#organization\"},\"potentialAction\":[{\"@type\":\"SearchAction\",\"target\":{\"@type\":\"EntryPoint\",\"urlTemplate\":\"https:\/\/ajuntamentbenissano.es\/?s={search_term_string}\"},\"query-input\":\"required name=search_term_string\"}],\"inLanguage\":\"es\"},{\"@type\":\"Organization\",\"@id\":\"https:\/\/ajuntamentbenissano.es\/#organization\",\"name\":\"Ajuntament de Benissan\u00f3\",\"url\":\"https:\/\/ajuntamentbenissano.es\/\",\"logo\":{\"@type\":\"ImageObject\",\"inLanguage\":\"es\",\"@id\":\"https:\/\/ajuntamentbenissano.es\/#\/schema\/logo\/image\/\",\"url\":\"https:\/\/ajuntamentbenissano.ayuntamientobenisano.es\/wp-content\/uploads\/2019\/03\/Ajuntament-benissano-st.png\",\"contentUrl\":\"https:\/\/ajuntamentbenissano.ayuntamientobenisano.es\/wp-content\/uploads\/2019\/03\/Ajuntament-benissano-st.png\",\"width\":218,\"height\":90,\"caption\":\"Ajuntament de Benissan\u00f3\"},\"image\":{\"@id\":\"https:\/\/ajuntamentbenissano.es\/#\/schema\/logo\/image\/\"}},{\"@type\":\"Person\",\"@id\":\"https:\/\/ajuntamentbenissano.es\/#\/schema\/person\/cd2544d7fbf829d6e72cf74719348454\",\"name\":\"Ajuntament\",\"image\":{\"@type\":\"ImageObject\",\"inLanguage\":\"es\",\"@id\":\"https:\/\/ajuntamentbenissano.es\/#\/schema\/person\/image\/\",\"url\":\"https:\/\/secure.gravatar.com\/avatar\/ac492be787adb42c61844fd432eeab1e?s=96&d=mm&r=g\",\"contentUrl\":\"https:\/\/secure.gravatar.com\/avatar\/ac492be787adb42c61844fd432eeab1e?s=96&d=mm&r=g\",\"caption\":\"Ajuntament\"}}]}<\/script>\n<!-- \/ Yoast SEO plugin. -->","yoast_head_json":{"title":"Manual de identidad corporativa - Ajuntament de Benissan\u00f3","description":"Manual de identidad corporativa - Ajuntament de Benissan\u00f3","robots":{"index":"index","follow":"follow","max-snippet":"max-snippet:-1","max-image-preview":"max-image-preview:large","max-video-preview":"max-video-preview:-1"},"canonical":"https:\/\/ajuntamentbenissano.es\/es\/noticias\/manual-de-identidad-corporativa\/","og_locale":"es_ES","og_type":"article","og_title":"Manual de identidad corporativa - Ajuntament de Benissan\u00f3","og_description":"Manual de identidad corporativa - Ajuntament de Benissan\u00f3","og_url":"https:\/\/ajuntamentbenissano.es\/es\/noticias\/manual-de-identidad-corporativa\/","og_site_name":"Ajuntament de Benissan\u00f3","article_published_time":"2024-01-16T07:41:33+00:00","author":"Ajuntament","twitter_card":"summary_large_image","twitter_image":"https:\/\/ajuntamentbenissano.es\/wp-content\/uploads\/2024\/01\/20231015_MANUAL-IDENTIDAD-CORPORATIVA-2_compressed-1-pdf.jpg","twitter_misc":{"Escrito por":"Ajuntament","Tiempo de lectura":"1 minuto"},"schema":{"@context":"https:\/\/schema.org","@graph":[{"@type":"Article","@id":"https:\/\/ajuntamentbenissano.es\/es\/noticias\/manual-de-identidad-corporativa\/#article","isPartOf":{"@id":"https:\/\/ajuntamentbenissano.es\/es\/noticias\/manual-de-identidad-corporativa\/"},"author":{"name":"Ajuntament","@id":"https:\/\/ajuntamentbenissano.es\/#\/schema\/person\/cd2544d7fbf829d6e72cf74719348454"},"headline":"Manual de identidad corporativa","datePublished":"2024-01-16T07:41:33+00:00","dateModified":"2024-01-16T07:41:33+00:00","mainEntityOfPage":{"@id":"https:\/\/ajuntamentbenissano.es\/es\/noticias\/manual-de-identidad-corporativa\/"},"wordCount":7,"commentCount":0,"publisher":{"@id":"https:\/\/ajuntamentbenissano.es\/#organization"},"articleSection":["Noticias"],"inLanguage":"es","potentialAction":[{"@type":"CommentAction","name":"Comment","target":["https:\/\/ajuntamentbenissano.es\/es\/noticias\/manual-de-identidad-corporativa\/#respond"]}]},{"@type":"WebPage","@id":"https:\/\/ajuntamentbenissano.es\/es\/noticias\/manual-de-identidad-corporativa\/","url":"https:\/\/ajuntamentbenissano.es\/es\/noticias\/manual-de-identidad-corporativa\/","name":"Manual de identidad corporativa - Ajuntament de Benissan\u00f3","isPartOf":{"@id":"https:\/\/ajuntamentbenissano.es\/#website"},"datePublished":"2024-01-16T07:41:33+00:00","dateModified":"2024-01-16T07:41:33+00:00","description":"Manual de identidad corporativa - Ajuntament de Benissan\u00f3","breadcrumb":{"@id":"https:\/\/ajuntamentbenissano.es\/es\/noticias\/manual-de-identidad-corporativa\/#breadcrumb"},"inLanguage":"es","potentialAction":[{"@type":"ReadAction","target":["https:\/\/ajuntamentbenissano.es\/es\/noticias\/manual-de-identidad-corporativa\/"]}]},{"@type":"BreadcrumbList","@id":"https:\/\/ajuntamentbenissano.es\/es\/noticias\/manual-de-identidad-corporativa\/#breadcrumb","itemListElement":[{"@type":"ListItem","position":1,"name":"Portada","item":"https:\/\/ajuntamentbenissano.es\/es\/"},{"@type":"ListItem","position":2,"name":"Manual de identidad corporativa"}]},{"@type":"WebSite","@id":"https:\/\/ajuntamentbenissano.es\/#website","url":"https:\/\/ajuntamentbenissano.es\/","name":"Ajuntament de Benissan\u00f3","description":"Benissan\u00f3, un poble amb hist\u00f2ria","publisher":{"@id":"https:\/\/ajuntamentbenissano.es\/#organization"},"potentialAction":[{"@type":"SearchAction","target":{"@type":"EntryPoint","urlTemplate":"https:\/\/ajuntamentbenissano.es\/?s={search_term_string}"},"query-input":"required name=search_term_string"}],"inLanguage":"es"},{"@type":"Organization","@id":"https:\/\/ajuntamentbenissano.es\/#organization","name":"Ajuntament de Benissan\u00f3","url":"https:\/\/ajuntamentbenissano.es\/","logo":{"@type":"ImageObject","inLanguage":"es","@id":"https:\/\/ajuntamentbenissano.es\/#\/schema\/logo\/image\/","url":"https:\/\/ajuntamentbenissano.ayuntamientobenisano.es\/wp-content\/uploads\/2019\/03\/Ajuntament-benissano-st.png","contentUrl":"https:\/\/ajuntamentbenissano.ayuntamientobenisano.es\/wp-content\/uploads\/2019\/03\/Ajuntament-benissano-st.png","width":218,"height":90,"caption":"Ajuntament de Benissan\u00f3"},"image":{"@id":"https:\/\/ajuntamentbenissano.es\/#\/schema\/logo\/image\/"}},{"@type":"Person","@id":"https:\/\/ajuntamentbenissano.es\/#\/schema\/person\/cd2544d7fbf829d6e72cf74719348454","name":"Ajuntament","image":{"@type":"ImageObject","inLanguage":"es","@id":"https:\/\/ajuntamentbenissano.es\/#\/schema\/person\/image\/","url":"https:\/\/secure.gravatar.com\/avatar\/ac492be787adb42c61844fd432eeab1e?s=96&d=mm&r=g","contentUrl":"https:\/\/secure.gravatar.com\/avatar\/ac492be787adb42c61844fd432eeab1e?s=96&d=mm&r=g","caption":"Ajuntament"}}]}},"_links":{"self":[{"href":"https:\/\/ajuntamentbenissano.es\/es\/wp-json\/wp\/v2\/posts\/5463"}],"collection":[{"href":"https:\/\/ajuntamentbenissano.es\/es\/wp-json\/wp\/v2\/posts"}],"about":[{"href":"https:\/\/ajuntamentbenissano.es\/es\/wp-json\/wp\/v2\/types\/post"}],"author":[{"embeddable":true,"href":"https:\/\/ajuntamentbenissano.es\/es\/wp-json\/wp\/v2\/users\/1"}],"replies":[{"embeddable":true,"href":"https:\/\/ajuntamentbenissano.es\/es\/wp-json\/wp\/v2\/comments?post=5463"}],"version-history":[{"count":1,"href":"https:\/\/ajuntamentbenissano.es\/es\/wp-json\/wp\/v2\/posts\/5463\/revisions"}],"predecessor-version":[{"id":5466,"href":"https:\/\/ajuntamentbenissano.es\/es\/wp-json\/wp\/v2\/posts\/5463\/revisions\/5466"}],"wp:featuredmedia":[{"embeddable":true,"href":"https:\/\/ajuntamentbenissano.es\/es\/wp-json\/wp\/v2\/media\/5464"}],"wp:attachment":[{"href":"https:\/\/ajuntamentbenissano.es\/es\/wp-json\/wp\/v2\/media?parent=5463"}],"wp:term":[{"taxonomy":"category","embeddable":true,"href":"https:\/\/ajuntamentbenissano.es\/es\/wp-json\/wp\/v2\/categories?post=5463"},{"taxonomy":"post_tag","embeddable":true,"href":"https:\/\/ajuntamentbenissano.es\/es\/wp-json\/wp\/v2\/tags?post=5463"}],"curies":[{"name":"wp","href":"https:\/\/api.w.org\/{rel}","templated":true}]}}