{"id":4398,"date":"2021-04-28T17:44:49","date_gmt":"2021-04-28T15:44:49","guid":{"rendered":"https:\/\/www.ajuntamentbenissano.es\/?p=4398"},"modified":"2021-04-28T17:48:19","modified_gmt":"2021-04-28T15:48:19","slug":"ordenanza-municipal-de-la-ocupacion-del-dominio-publico-municipal","status":"publish","type":"post","link":"https:\/\/ajuntamentbenissano.es\/es\/noticias\/ordenanza-municipal-de-la-ocupacion-del-dominio-publico-municipal\/","title":{"rendered":"Ordenanza municipal de la ocupaci\u00f3n del dominio p\u00fablico municipal"},"content":{"rendered":"<p>[vc_row css_animation=\u00bb\u00bb row_type=\u00bbrow\u00bb use_row_as_full_screen_section=\u00bbno\u00bb type=\u00bbfull_width\u00bb angled_section=\u00bbno\u00bb text_align=\u00bbleft\u00bb background_image_as_pattern=\u00bbwithout_pattern\u00bb][vc_column][vc_column_text]El d\u00eda 15\/04\/2021 se public\u00f3 en el Bolet\u00edn Oficial de la Provincia de Valencia la aprobaci\u00f3n inicial de la Ordenanza municipal de la ocupaci\u00f3n del dominio p\u00fablico municipal en actividades de car\u00e1cter popular y festividades tradicionales valencianas, actividades culturales, l\u00fadicas y art\u00edsticas y celebraci\u00f3n de eventos deportivos de Benissan\u00f3.<\/p>\n<p>A partir del d\u00eda siguiente a la publicaci\u00f3n en el BOP se inicia el plazo de exposici\u00f3n p\u00fablica de 30 d\u00edas h\u00e1biles, durante los cuales los interesados pueden presentar las reclamaciones o alegaciones que estimen oportunas.<\/p>\n<p>[\/vc_column_text]<div class=\"qode-advanced-call-to-action qode-advanced-cta-gradient qode-advanced-cta-gradient-animation\" style=\"height:110pxpx\">\n\t<a class=\"advanced-cta-link anchor\" href=\"https:\/\/ajuntamentbenissano.ayuntamientobenisano.es\/wp-content\/uploads\/2021\/04\/ordenanza-actividades-festivas-ajuntament-benissano.pdf\" target=\"_blank\"><\/a>\n\t<div class=\"qode-advanced-cta-content\">\t\t\n\t    <span class=\"qode-advanced-cta-text-holder\" style=\"font-size:20px;font-weight:500\">\n\t\t    Ver la Ordenanza municipal\t    <\/span>\n\t    <span class=\"qode-advanced-cta-icon-holder\" style=\"height:45px;width:45px\">\n\t\t    <span class=\"qode-advanced-cta-icon-holder-table\">\n\t\t    \t<span class=\"qode-advanced-cta-icon-holder-cell\" >\n\t\t\t    \t<i class=\"qode_icon_font_awesome fa fa-file-pdf-o qode-advanced-cta-icon\" ><\/i>\t\t\t    <\/span>\n\t\t    <\/span>\n\t\t    \t    <\/span>\n\t<\/div>\n\t\t\t<div class=\"qode-advanced-cta-background-holder\">\n\t\t\t<span class=\"qode-advanced-cta-background-1 qode-type1-gradient-left-to-right\"><\/span>\n\t\t\t<span class=\"qode-advanced-cta-background-2 qode-type1-gradient-left-to-right\"><\/span>\n\t\t\t<span class=\"qode-advanced-cta-background-3\"><\/span>\n\t\t<\/div>\n\t<\/div>[vc_separator type=\u00bbtransparent\u00bb thickness=\u00bb1&#8243; up=\u00bb20&#8243; down=\u00bb20&#8243;][\/vc_column][\/vc_row]<\/p>\n","protected":false},"excerpt":{"rendered":"<p>Ordenanza municipal de la ocupaci\u00f3n del dominio p\u00fablico municipal en actividades de car\u00e1cter popular y festividades tradicionales valencianas, actividades culturales, l\u00fadicas y art\u00edsticas y celebraci\u00f3n de eventos deportivos.<\/p>\n","protected":false},"author":1,"featured_media":3857,"comment_status":"open","ping_status":"open","sticky":false,"template":"","format":"standard","meta":[],"categories":[1],"tags":[],"yoast_head":"<!-- This site is optimized with the Yoast SEO plugin v19.10 - https:\/\/yoast.com\/wordpress\/plugins\/seo\/ -->\n<title>Ordenanza municipal de la ocupaci\u00f3n del dominio p\u00fablico municipal - Ajuntament de Benissan\u00f3<\/title>\n<meta name=\"description\" content=\"Ordenanza municipal de la ocupaci\u00f3n del dominio p\u00fablico municipal - Noticias - Ajuntament de Benissan\u00f3\" \/>\n<meta name=\"robots\" content=\"index, follow, max-snippet:-1, max-image-preview:large, max-video-preview:-1\" \/>\n<link rel=\"canonical\" href=\"https:\/\/ajuntamentbenissano.es\/es\/noticias\/ordenanza-municipal-de-la-ocupacion-del-dominio-publico-municipal\/\" \/>\n<meta property=\"og:locale\" content=\"es_ES\" \/>\n<meta property=\"og:type\" content=\"article\" \/>\n<meta property=\"og:title\" content=\"Ordenanza municipal de la ocupaci\u00f3n del dominio p\u00fablico municipal - Ajuntament de Benissan\u00f3\" \/>\n<meta property=\"og:description\" content=\"Ordenanza municipal de la ocupaci\u00f3n del dominio p\u00fablico municipal - Noticias - Ajuntament de Benissan\u00f3\" \/>\n<meta property=\"og:url\" content=\"https:\/\/ajuntamentbenissano.es\/es\/noticias\/ordenanza-municipal-de-la-ocupacion-del-dominio-publico-municipal\/\" \/>\n<meta property=\"og:site_name\" content=\"Ajuntament de Benissan\u00f3\" \/>\n<meta property=\"article:published_time\" content=\"2021-04-28T15:44:49+00:00\" \/>\n<meta property=\"article:modified_time\" content=\"2021-04-28T15:48:19+00:00\" \/>\n<meta property=\"og:image\" content=\"https:\/\/ajuntamentbenissano.es\/wp-content\/uploads\/2020\/08\/ajuntament-de-benissano-informa.jpg\" \/>\n\t<meta property=\"og:image:width\" content=\"600\" \/>\n\t<meta property=\"og:image:height\" content=\"446\" \/>\n\t<meta property=\"og:image:type\" content=\"image\/jpeg\" \/>\n<meta name=\"author\" content=\"Ajuntament\" \/>\n<meta name=\"twitter:card\" content=\"summary_large_image\" \/>\n<meta name=\"twitter:label1\" content=\"Escrito por\" \/>\n\t<meta name=\"twitter:data1\" content=\"Ajuntament\" \/>\n\t<meta name=\"twitter:label2\" content=\"Tiempo de lectura\" \/>\n\t<meta name=\"twitter:data2\" content=\"1 minuto\" \/>\n<script type=\"application\/ld+json\" class=\"yoast-schema-graph\">{\"@context\":\"https:\/\/schema.org\",\"@graph\":[{\"@type\":\"Article\",\"@id\":\"https:\/\/ajuntamentbenissano.es\/es\/noticias\/ordenanza-municipal-de-la-ocupacion-del-dominio-publico-municipal\/#article\",\"isPartOf\":{\"@id\":\"https:\/\/ajuntamentbenissano.es\/es\/noticias\/ordenanza-municipal-de-la-ocupacion-del-dominio-publico-municipal\/\"},\"author\":{\"name\":\"Ajuntament\",\"@id\":\"https:\/\/ajuntamentbenissano.es\/#\/schema\/person\/cd2544d7fbf829d6e72cf74719348454\"},\"headline\":\"Ordenanza municipal de la ocupaci\u00f3n del dominio p\u00fablico municipal\",\"datePublished\":\"2021-04-28T15:44:49+00:00\",\"dateModified\":\"2021-04-28T15:48:19+00:00\",\"mainEntityOfPage\":{\"@id\":\"https:\/\/ajuntamentbenissano.es\/es\/noticias\/ordenanza-municipal-de-la-ocupacion-del-dominio-publico-municipal\/\"},\"wordCount\":196,\"commentCount\":0,\"publisher\":{\"@id\":\"https:\/\/ajuntamentbenissano.es\/#organization\"},\"articleSection\":[\"Noticias\"],\"inLanguage\":\"es\",\"potentialAction\":[{\"@type\":\"CommentAction\",\"name\":\"Comment\",\"target\":[\"https:\/\/ajuntamentbenissano.es\/es\/noticias\/ordenanza-municipal-de-la-ocupacion-del-dominio-publico-municipal\/#respond\"]}]},{\"@type\":\"WebPage\",\"@id\":\"https:\/\/ajuntamentbenissano.es\/es\/noticias\/ordenanza-municipal-de-la-ocupacion-del-dominio-publico-municipal\/\",\"url\":\"https:\/\/ajuntamentbenissano.es\/es\/noticias\/ordenanza-municipal-de-la-ocupacion-del-dominio-publico-municipal\/\",\"name\":\"Ordenanza municipal de la ocupaci\u00f3n del dominio p\u00fablico municipal - Ajuntament de Benissan\u00f3\",\"isPartOf\":{\"@id\":\"https:\/\/ajuntamentbenissano.es\/#website\"},\"datePublished\":\"2021-04-28T15:44:49+00:00\",\"dateModified\":\"2021-04-28T15:48:19+00:00\",\"description\":\"Ordenanza municipal de la ocupaci\u00f3n del dominio p\u00fablico municipal - Noticias - Ajuntament de Benissan\u00f3\",\"breadcrumb\":{\"@id\":\"https:\/\/ajuntamentbenissano.es\/es\/noticias\/ordenanza-municipal-de-la-ocupacion-del-dominio-publico-municipal\/#breadcrumb\"},\"inLanguage\":\"es\",\"potentialAction\":[{\"@type\":\"ReadAction\",\"target\":[\"https:\/\/ajuntamentbenissano.es\/es\/noticias\/ordenanza-municipal-de-la-ocupacion-del-dominio-publico-municipal\/\"]}]},{\"@type\":\"BreadcrumbList\",\"@id\":\"https:\/\/ajuntamentbenissano.es\/es\/noticias\/ordenanza-municipal-de-la-ocupacion-del-dominio-publico-municipal\/#breadcrumb\",\"itemListElement\":[{\"@type\":\"ListItem\",\"position\":1,\"name\":\"Portada\",\"item\":\"https:\/\/ajuntamentbenissano.es\/es\/\"},{\"@type\":\"ListItem\",\"position\":2,\"name\":\"Ordenanza municipal de la ocupaci\u00f3n del dominio p\u00fablico municipal\"}]},{\"@type\":\"WebSite\",\"@id\":\"https:\/\/ajuntamentbenissano.es\/#website\",\"url\":\"https:\/\/ajuntamentbenissano.es\/\",\"name\":\"Ajuntament de Benissan\u00f3\",\"description\":\"Benissan\u00f3, un poble amb hist\u00f2ria\",\"publisher\":{\"@id\":\"https:\/\/ajuntamentbenissano.es\/#organization\"},\"potentialAction\":[{\"@type\":\"SearchAction\",\"target\":{\"@type\":\"EntryPoint\",\"urlTemplate\":\"https:\/\/ajuntamentbenissano.es\/?s={search_term_string}\"},\"query-input\":\"required name=search_term_string\"}],\"inLanguage\":\"es\"},{\"@type\":\"Organization\",\"@id\":\"https:\/\/ajuntamentbenissano.es\/#organization\",\"name\":\"Ajuntament de Benissan\u00f3\",\"url\":\"https:\/\/ajuntamentbenissano.es\/\",\"logo\":{\"@type\":\"ImageObject\",\"inLanguage\":\"es\",\"@id\":\"https:\/\/ajuntamentbenissano.es\/#\/schema\/logo\/image\/\",\"url\":\"https:\/\/ajuntamentbenissano.ayuntamientobenisano.es\/wp-content\/uploads\/2019\/03\/Ajuntament-benissano-st.png\",\"contentUrl\":\"https:\/\/ajuntamentbenissano.ayuntamientobenisano.es\/wp-content\/uploads\/2019\/03\/Ajuntament-benissano-st.png\",\"width\":218,\"height\":90,\"caption\":\"Ajuntament de Benissan\u00f3\"},\"image\":{\"@id\":\"https:\/\/ajuntamentbenissano.es\/#\/schema\/logo\/image\/\"}},{\"@type\":\"Person\",\"@id\":\"https:\/\/ajuntamentbenissano.es\/#\/schema\/person\/cd2544d7fbf829d6e72cf74719348454\",\"name\":\"Ajuntament\",\"image\":{\"@type\":\"ImageObject\",\"inLanguage\":\"es\",\"@id\":\"https:\/\/ajuntamentbenissano.es\/#\/schema\/person\/image\/\",\"url\":\"https:\/\/secure.gravatar.com\/avatar\/ac492be787adb42c61844fd432eeab1e?s=96&d=mm&r=g\",\"contentUrl\":\"https:\/\/secure.gravatar.com\/avatar\/ac492be787adb42c61844fd432eeab1e?s=96&d=mm&r=g\",\"caption\":\"Ajuntament\"}}]}<\/script>\n<!-- \/ Yoast SEO plugin. -->","yoast_head_json":{"title":"Ordenanza municipal de la ocupaci\u00f3n del dominio p\u00fablico municipal - Ajuntament de Benissan\u00f3","description":"Ordenanza municipal de la ocupaci\u00f3n del dominio p\u00fablico municipal - Noticias - Ajuntament de Benissan\u00f3","robots":{"index":"index","follow":"follow","max-snippet":"max-snippet:-1","max-image-preview":"max-image-preview:large","max-video-preview":"max-video-preview:-1"},"canonical":"https:\/\/ajuntamentbenissano.es\/es\/noticias\/ordenanza-municipal-de-la-ocupacion-del-dominio-publico-municipal\/","og_locale":"es_ES","og_type":"article","og_title":"Ordenanza municipal de la ocupaci\u00f3n del dominio p\u00fablico municipal - Ajuntament de Benissan\u00f3","og_description":"Ordenanza municipal de la ocupaci\u00f3n del dominio p\u00fablico municipal - Noticias - Ajuntament de Benissan\u00f3","og_url":"https:\/\/ajuntamentbenissano.es\/es\/noticias\/ordenanza-municipal-de-la-ocupacion-del-dominio-publico-municipal\/","og_site_name":"Ajuntament de Benissan\u00f3","article_published_time":"2021-04-28T15:44:49+00:00","article_modified_time":"2021-04-28T15:48:19+00:00","og_image":[{"width":600,"height":446,"url":"https:\/\/ajuntamentbenissano.es\/wp-content\/uploads\/2020\/08\/ajuntament-de-benissano-informa.jpg","type":"image\/jpeg"}],"author":"Ajuntament","twitter_card":"summary_large_image","twitter_misc":{"Escrito por":"Ajuntament","Tiempo de lectura":"1 minuto"},"schema":{"@context":"https:\/\/schema.org","@graph":[{"@type":"Article","@id":"https:\/\/ajuntamentbenissano.es\/es\/noticias\/ordenanza-municipal-de-la-ocupacion-del-dominio-publico-municipal\/#article","isPartOf":{"@id":"https:\/\/ajuntamentbenissano.es\/es\/noticias\/ordenanza-municipal-de-la-ocupacion-del-dominio-publico-municipal\/"},"author":{"name":"Ajuntament","@id":"https:\/\/ajuntamentbenissano.es\/#\/schema\/person\/cd2544d7fbf829d6e72cf74719348454"},"headline":"Ordenanza municipal de la ocupaci\u00f3n del dominio p\u00fablico municipal","datePublished":"2021-04-28T15:44:49+00:00","dateModified":"2021-04-28T15:48:19+00:00","mainEntityOfPage":{"@id":"https:\/\/ajuntamentbenissano.es\/es\/noticias\/ordenanza-municipal-de-la-ocupacion-del-dominio-publico-municipal\/"},"wordCount":196,"commentCount":0,"publisher":{"@id":"https:\/\/ajuntamentbenissano.es\/#organization"},"articleSection":["Noticias"],"inLanguage":"es","potentialAction":[{"@type":"CommentAction","name":"Comment","target":["https:\/\/ajuntamentbenissano.es\/es\/noticias\/ordenanza-municipal-de-la-ocupacion-del-dominio-publico-municipal\/#respond"]}]},{"@type":"WebPage","@id":"https:\/\/ajuntamentbenissano.es\/es\/noticias\/ordenanza-municipal-de-la-ocupacion-del-dominio-publico-municipal\/","url":"https:\/\/ajuntamentbenissano.es\/es\/noticias\/ordenanza-municipal-de-la-ocupacion-del-dominio-publico-municipal\/","name":"Ordenanza municipal de la ocupaci\u00f3n del dominio p\u00fablico municipal - Ajuntament de Benissan\u00f3","isPartOf":{"@id":"https:\/\/ajuntamentbenissano.es\/#website"},"datePublished":"2021-04-28T15:44:49+00:00","dateModified":"2021-04-28T15:48:19+00:00","description":"Ordenanza municipal de la ocupaci\u00f3n del dominio p\u00fablico municipal - Noticias - Ajuntament de Benissan\u00f3","breadcrumb":{"@id":"https:\/\/ajuntamentbenissano.es\/es\/noticias\/ordenanza-municipal-de-la-ocupacion-del-dominio-publico-municipal\/#breadcrumb"},"inLanguage":"es","potentialAction":[{"@type":"ReadAction","target":["https:\/\/ajuntamentbenissano.es\/es\/noticias\/ordenanza-municipal-de-la-ocupacion-del-dominio-publico-municipal\/"]}]},{"@type":"BreadcrumbList","@id":"https:\/\/ajuntamentbenissano.es\/es\/noticias\/ordenanza-municipal-de-la-ocupacion-del-dominio-publico-municipal\/#breadcrumb","itemListElement":[{"@type":"ListItem","position":1,"name":"Portada","item":"https:\/\/ajuntamentbenissano.es\/es\/"},{"@type":"ListItem","position":2,"name":"Ordenanza municipal de la ocupaci\u00f3n del dominio p\u00fablico municipal"}]},{"@type":"WebSite","@id":"https:\/\/ajuntamentbenissano.es\/#website","url":"https:\/\/ajuntamentbenissano.es\/","name":"Ajuntament de Benissan\u00f3","description":"Benissan\u00f3, un poble amb hist\u00f2ria","publisher":{"@id":"https:\/\/ajuntamentbenissano.es\/#organization"},"potentialAction":[{"@type":"SearchAction","target":{"@type":"EntryPoint","urlTemplate":"https:\/\/ajuntamentbenissano.es\/?s={search_term_string}"},"query-input":"required name=search_term_string"}],"inLanguage":"es"},{"@type":"Organization","@id":"https:\/\/ajuntamentbenissano.es\/#organization","name":"Ajuntament de Benissan\u00f3","url":"https:\/\/ajuntamentbenissano.es\/","logo":{"@type":"ImageObject","inLanguage":"es","@id":"https:\/\/ajuntamentbenissano.es\/#\/schema\/logo\/image\/","url":"https:\/\/ajuntamentbenissano.ayuntamientobenisano.es\/wp-content\/uploads\/2019\/03\/Ajuntament-benissano-st.png","contentUrl":"https:\/\/ajuntamentbenissano.ayuntamientobenisano.es\/wp-content\/uploads\/2019\/03\/Ajuntament-benissano-st.png","width":218,"height":90,"caption":"Ajuntament de Benissan\u00f3"},"image":{"@id":"https:\/\/ajuntamentbenissano.es\/#\/schema\/logo\/image\/"}},{"@type":"Person","@id":"https:\/\/ajuntamentbenissano.es\/#\/schema\/person\/cd2544d7fbf829d6e72cf74719348454","name":"Ajuntament","image":{"@type":"ImageObject","inLanguage":"es","@id":"https:\/\/ajuntamentbenissano.es\/#\/schema\/person\/image\/","url":"https:\/\/secure.gravatar.com\/avatar\/ac492be787adb42c61844fd432eeab1e?s=96&d=mm&r=g","contentUrl":"https:\/\/secure.gravatar.com\/avatar\/ac492be787adb42c61844fd432eeab1e?s=96&d=mm&r=g","caption":"Ajuntament"}}]}},"_links":{"self":[{"href":"https:\/\/ajuntamentbenissano.es\/es\/wp-json\/wp\/v2\/posts\/4398"}],"collection":[{"href":"https:\/\/ajuntamentbenissano.es\/es\/wp-json\/wp\/v2\/posts"}],"about":[{"href":"https:\/\/ajuntamentbenissano.es\/es\/wp-json\/wp\/v2\/types\/post"}],"author":[{"embeddable":true,"href":"https:\/\/ajuntamentbenissano.es\/es\/wp-json\/wp\/v2\/users\/1"}],"replies":[{"embeddable":true,"href":"https:\/\/ajuntamentbenissano.es\/es\/wp-json\/wp\/v2\/comments?post=4398"}],"version-history":[{"count":7,"href":"https:\/\/ajuntamentbenissano.es\/es\/wp-json\/wp\/v2\/posts\/4398\/revisions"}],"predecessor-version":[{"id":4411,"href":"https:\/\/ajuntamentbenissano.es\/es\/wp-json\/wp\/v2\/posts\/4398\/revisions\/4411"}],"wp:featuredmedia":[{"embeddable":true,"href":"https:\/\/ajuntamentbenissano.es\/es\/wp-json\/wp\/v2\/media\/3857"}],"wp:attachment":[{"href":"https:\/\/ajuntamentbenissano.es\/es\/wp-json\/wp\/v2\/media?parent=4398"}],"wp:term":[{"taxonomy":"category","embeddable":true,"href":"https:\/\/ajuntamentbenissano.es\/es\/wp-json\/wp\/v2\/categories?post=4398"},{"taxonomy":"post_tag","embeddable":true,"href":"https:\/\/ajuntamentbenissano.es\/es\/wp-json\/wp\/v2\/tags?post=4398"}],"curies":[{"name":"wp","href":"https:\/\/api.w.org\/{rel}","templated":true}]}}