{"id":4383,"date":"2021-04-21T20:29:33","date_gmt":"2021-04-21T18:29:33","guid":{"rendered":"https:\/\/www.ajuntamentbenissano.es\/?p=4383"},"modified":"2021-07-29T19:17:07","modified_gmt":"2021-07-29T17:17:07","slug":"abierta-la-inscripcion-al-curso-de-canto-del-5o-fim","status":"publish","type":"post","link":"https:\/\/ajuntamentbenissano.es\/es\/bando-municipal\/abierta-la-inscripcion-al-curso-de-canto-del-5o-fim\/","title":{"rendered":"Abierta la inscripci\u00f3n al Curso de canto del 5\u00ba FIM"},"content":{"rendered":"<p>[vc_row css_animation=\u00bb\u00bb row_type=\u00bbrow\u00bb use_row_as_full_screen_section=\u00bbno\u00bb type=\u00bbfull_width\u00bb angled_section=\u00bbno\u00bb text_align=\u00bbleft\u00bb background_image_as_pattern=\u00bbwithout_pattern\u00bb][vc_column][vc_column_text css=\u00bb.vc_custom_1627579017891{padding-top: 30px !important;padding-bottom: 30px !important;background-color: #dbdbdb !important;border-radius: 5px !important;}\u00bb]<\/p>\n<h2 style=\"text-align: center;\">PLAZO FINALIZADO<\/h2>\n<p>[\/vc_column_text][\/vc_column][\/vc_row][vc_row css_animation=\u00bb\u00bb row_type=\u00bbrow\u00bb use_row_as_full_screen_section=\u00bbno\u00bb type=\u00bbfull_width\u00bb angled_section=\u00bbno\u00bb text_align=\u00bbleft\u00bb background_image_as_pattern=\u00bbwithout_pattern\u00bb][vc_column][vc_column_text]Con motivo del 5\u00ba Festival Internacional de M\u00fasica de Benissan\u00f3, queda abierta la <a href=\"https:\/\/ajuntamentbenissano.ayuntamientobenisano.es\/es\/municipio\/festival-internacional-de-musica\/\">Inscripci\u00f3n al Curso de canto<\/a> que tendr\u00e1 lugar del 28 de Junio al 2 de Julio de 2021.<\/p>\n<p>\u00a1\u00a1 Os esperamos !![\/vc_column_text][\/vc_column][\/vc_row][vc_row css_animation=\u00bb\u00bb row_type=\u00bbrow\u00bb use_row_as_full_screen_section=\u00bbno\u00bb type=\u00bbfull_width\u00bb angled_section=\u00bbno\u00bb text_align=\u00bbleft\u00bb background_image_as_pattern=\u00bbwithout_pattern\u00bb][vc_column][vc_single_image image=\u00bb4376&#8243; img_size=\u00bblarge\u00bb alignment=\u00bbcenter\u00bb onclick=\u00bbcustom_link\u00bb qode_css_animation=\u00bb\u00bb link=\u00bbhttps:\/\/ajuntamentbenissano.ayuntamientobenisano.es\/es\/municipio\/festival-internacional-de-musica\/\u00bb][\/vc_column][\/vc_row]<\/p>\n","protected":false},"excerpt":{"rendered":"<p>Se abre la Inscripci\u00f3n para el Curso de Canto del 5\u00ba Festival de M\u00fasica Internacional<\/p>\n","protected":false},"author":1,"featured_media":4388,"comment_status":"open","ping_status":"open","sticky":false,"template":"","format":"link","meta":[],"categories":[41],"tags":[],"yoast_head":"<!-- This site is optimized with the Yoast SEO plugin v19.10 - https:\/\/yoast.com\/wordpress\/plugins\/seo\/ -->\n<title>Abierta la inscripci\u00f3n al Curso de canto del 5\u00ba FIM - Ajuntament de Benissan\u00f3<\/title>\n<meta name=\"description\" content=\"Abierta la inscripci\u00f3n al Curso de canto del 5\u00ba FIM - Bando municipal - Ajuntament de Benissan\u00f3\" \/>\n<meta name=\"robots\" content=\"index, follow, max-snippet:-1, max-image-preview:large, max-video-preview:-1\" \/>\n<link rel=\"canonical\" href=\"https:\/\/ajuntamentbenissano.es\/es\/bando-municipal\/abierta-la-inscripcion-al-curso-de-canto-del-5o-fim\/\" \/>\n<meta property=\"og:locale\" content=\"es_ES\" \/>\n<meta property=\"og:type\" content=\"article\" \/>\n<meta property=\"og:title\" content=\"Abierta la inscripci\u00f3n al Curso de canto del 5\u00ba FIM - Ajuntament de Benissan\u00f3\" \/>\n<meta property=\"og:description\" content=\"Abierta la inscripci\u00f3n al Curso de canto del 5\u00ba FIM - Bando municipal - Ajuntament de Benissan\u00f3\" \/>\n<meta property=\"og:url\" content=\"https:\/\/ajuntamentbenissano.es\/es\/bando-municipal\/abierta-la-inscripcion-al-curso-de-canto-del-5o-fim\/\" \/>\n<meta property=\"og:site_name\" content=\"Ajuntament de Benissan\u00f3\" \/>\n<meta property=\"article:published_time\" content=\"2021-04-21T18:29:33+00:00\" \/>\n<meta property=\"article:modified_time\" content=\"2021-07-29T17:17:07+00:00\" \/>\n<meta property=\"og:image\" content=\"https:\/\/ajuntamentbenissano.es\/wp-content\/uploads\/2021\/04\/fim-curs-de-cant-2021-benissano-portada.jpg\" \/>\n\t<meta property=\"og:image:width\" content=\"600\" \/>\n\t<meta property=\"og:image:height\" content=\"447\" \/>\n\t<meta property=\"og:image:type\" content=\"image\/jpeg\" \/>\n<meta name=\"author\" content=\"Ajuntament\" \/>\n<meta name=\"twitter:card\" content=\"summary_large_image\" \/>\n<meta name=\"twitter:label1\" content=\"Escrito por\" \/>\n\t<meta name=\"twitter:data1\" content=\"Ajuntament\" \/>\n\t<meta name=\"twitter:label2\" content=\"Tiempo de lectura\" \/>\n\t<meta name=\"twitter:data2\" content=\"1 minuto\" \/>\n<script type=\"application\/ld+json\" class=\"yoast-schema-graph\">{\"@context\":\"https:\/\/schema.org\",\"@graph\":[{\"@type\":\"Article\",\"@id\":\"https:\/\/ajuntamentbenissano.es\/es\/bando-municipal\/abierta-la-inscripcion-al-curso-de-canto-del-5o-fim\/#article\",\"isPartOf\":{\"@id\":\"https:\/\/ajuntamentbenissano.es\/es\/bando-municipal\/abierta-la-inscripcion-al-curso-de-canto-del-5o-fim\/\"},\"author\":{\"name\":\"Ajuntament\",\"@id\":\"https:\/\/ajuntamentbenissano.es\/#\/schema\/person\/cd2544d7fbf829d6e72cf74719348454\"},\"headline\":\"Abierta la inscripci\u00f3n al Curso de canto del 5\u00ba FIM\",\"datePublished\":\"2021-04-21T18:29:33+00:00\",\"dateModified\":\"2021-07-29T17:17:07+00:00\",\"mainEntityOfPage\":{\"@id\":\"https:\/\/ajuntamentbenissano.es\/es\/bando-municipal\/abierta-la-inscripcion-al-curso-de-canto-del-5o-fim\/\"},\"wordCount\":198,\"commentCount\":0,\"publisher\":{\"@id\":\"https:\/\/ajuntamentbenissano.es\/#organization\"},\"articleSection\":[\"Bando municipal\"],\"inLanguage\":\"es\",\"potentialAction\":[{\"@type\":\"CommentAction\",\"name\":\"Comment\",\"target\":[\"https:\/\/ajuntamentbenissano.es\/es\/bando-municipal\/abierta-la-inscripcion-al-curso-de-canto-del-5o-fim\/#respond\"]}]},{\"@type\":\"WebPage\",\"@id\":\"https:\/\/ajuntamentbenissano.es\/es\/bando-municipal\/abierta-la-inscripcion-al-curso-de-canto-del-5o-fim\/\",\"url\":\"https:\/\/ajuntamentbenissano.es\/es\/bando-municipal\/abierta-la-inscripcion-al-curso-de-canto-del-5o-fim\/\",\"name\":\"Abierta la inscripci\u00f3n al Curso de canto del 5\u00ba FIM - Ajuntament de Benissan\u00f3\",\"isPartOf\":{\"@id\":\"https:\/\/ajuntamentbenissano.es\/#website\"},\"datePublished\":\"2021-04-21T18:29:33+00:00\",\"dateModified\":\"2021-07-29T17:17:07+00:00\",\"description\":\"Abierta la inscripci\u00f3n al Curso de canto del 5\u00ba FIM - Bando municipal - Ajuntament de Benissan\u00f3\",\"breadcrumb\":{\"@id\":\"https:\/\/ajuntamentbenissano.es\/es\/bando-municipal\/abierta-la-inscripcion-al-curso-de-canto-del-5o-fim\/#breadcrumb\"},\"inLanguage\":\"es\",\"potentialAction\":[{\"@type\":\"ReadAction\",\"target\":[\"https:\/\/ajuntamentbenissano.es\/es\/bando-municipal\/abierta-la-inscripcion-al-curso-de-canto-del-5o-fim\/\"]}]},{\"@type\":\"BreadcrumbList\",\"@id\":\"https:\/\/ajuntamentbenissano.es\/es\/bando-municipal\/abierta-la-inscripcion-al-curso-de-canto-del-5o-fim\/#breadcrumb\",\"itemListElement\":[{\"@type\":\"ListItem\",\"position\":1,\"name\":\"Portada\",\"item\":\"https:\/\/ajuntamentbenissano.es\/es\/\"},{\"@type\":\"ListItem\",\"position\":2,\"name\":\"Abierta la inscripci\u00f3n al Curso de canto del 5\u00ba FIM\"}]},{\"@type\":\"WebSite\",\"@id\":\"https:\/\/ajuntamentbenissano.es\/#website\",\"url\":\"https:\/\/ajuntamentbenissano.es\/\",\"name\":\"Ajuntament de Benissan\u00f3\",\"description\":\"Benissan\u00f3, un poble amb hist\u00f2ria\",\"publisher\":{\"@id\":\"https:\/\/ajuntamentbenissano.es\/#organization\"},\"potentialAction\":[{\"@type\":\"SearchAction\",\"target\":{\"@type\":\"EntryPoint\",\"urlTemplate\":\"https:\/\/ajuntamentbenissano.es\/?s={search_term_string}\"},\"query-input\":\"required name=search_term_string\"}],\"inLanguage\":\"es\"},{\"@type\":\"Organization\",\"@id\":\"https:\/\/ajuntamentbenissano.es\/#organization\",\"name\":\"Ajuntament de Benissan\u00f3\",\"url\":\"https:\/\/ajuntamentbenissano.es\/\",\"logo\":{\"@type\":\"ImageObject\",\"inLanguage\":\"es\",\"@id\":\"https:\/\/ajuntamentbenissano.es\/#\/schema\/logo\/image\/\",\"url\":\"https:\/\/ajuntamentbenissano.ayuntamientobenisano.es\/wp-content\/uploads\/2019\/03\/Ajuntament-benissano-st.png\",\"contentUrl\":\"https:\/\/ajuntamentbenissano.ayuntamientobenisano.es\/wp-content\/uploads\/2019\/03\/Ajuntament-benissano-st.png\",\"width\":218,\"height\":90,\"caption\":\"Ajuntament de Benissan\u00f3\"},\"image\":{\"@id\":\"https:\/\/ajuntamentbenissano.es\/#\/schema\/logo\/image\/\"}},{\"@type\":\"Person\",\"@id\":\"https:\/\/ajuntamentbenissano.es\/#\/schema\/person\/cd2544d7fbf829d6e72cf74719348454\",\"name\":\"Ajuntament\",\"image\":{\"@type\":\"ImageObject\",\"inLanguage\":\"es\",\"@id\":\"https:\/\/ajuntamentbenissano.es\/#\/schema\/person\/image\/\",\"url\":\"https:\/\/secure.gravatar.com\/avatar\/ac492be787adb42c61844fd432eeab1e?s=96&d=mm&r=g\",\"contentUrl\":\"https:\/\/secure.gravatar.com\/avatar\/ac492be787adb42c61844fd432eeab1e?s=96&d=mm&r=g\",\"caption\":\"Ajuntament\"}}]}<\/script>\n<!-- \/ Yoast SEO plugin. -->","yoast_head_json":{"title":"Abierta la inscripci\u00f3n al Curso de canto del 5\u00ba FIM - Ajuntament de Benissan\u00f3","description":"Abierta la inscripci\u00f3n al Curso de canto del 5\u00ba FIM - Bando municipal - Ajuntament de Benissan\u00f3","robots":{"index":"index","follow":"follow","max-snippet":"max-snippet:-1","max-image-preview":"max-image-preview:large","max-video-preview":"max-video-preview:-1"},"canonical":"https:\/\/ajuntamentbenissano.es\/es\/bando-municipal\/abierta-la-inscripcion-al-curso-de-canto-del-5o-fim\/","og_locale":"es_ES","og_type":"article","og_title":"Abierta la inscripci\u00f3n al Curso de canto del 5\u00ba FIM - Ajuntament de Benissan\u00f3","og_description":"Abierta la inscripci\u00f3n al Curso de canto del 5\u00ba FIM - Bando municipal - Ajuntament de Benissan\u00f3","og_url":"https:\/\/ajuntamentbenissano.es\/es\/bando-municipal\/abierta-la-inscripcion-al-curso-de-canto-del-5o-fim\/","og_site_name":"Ajuntament de Benissan\u00f3","article_published_time":"2021-04-21T18:29:33+00:00","article_modified_time":"2021-07-29T17:17:07+00:00","og_image":[{"width":600,"height":447,"url":"https:\/\/ajuntamentbenissano.es\/wp-content\/uploads\/2021\/04\/fim-curs-de-cant-2021-benissano-portada.jpg","type":"image\/jpeg"}],"author":"Ajuntament","twitter_card":"summary_large_image","twitter_misc":{"Escrito por":"Ajuntament","Tiempo de lectura":"1 minuto"},"schema":{"@context":"https:\/\/schema.org","@graph":[{"@type":"Article","@id":"https:\/\/ajuntamentbenissano.es\/es\/bando-municipal\/abierta-la-inscripcion-al-curso-de-canto-del-5o-fim\/#article","isPartOf":{"@id":"https:\/\/ajuntamentbenissano.es\/es\/bando-municipal\/abierta-la-inscripcion-al-curso-de-canto-del-5o-fim\/"},"author":{"name":"Ajuntament","@id":"https:\/\/ajuntamentbenissano.es\/#\/schema\/person\/cd2544d7fbf829d6e72cf74719348454"},"headline":"Abierta la inscripci\u00f3n al Curso de canto del 5\u00ba FIM","datePublished":"2021-04-21T18:29:33+00:00","dateModified":"2021-07-29T17:17:07+00:00","mainEntityOfPage":{"@id":"https:\/\/ajuntamentbenissano.es\/es\/bando-municipal\/abierta-la-inscripcion-al-curso-de-canto-del-5o-fim\/"},"wordCount":198,"commentCount":0,"publisher":{"@id":"https:\/\/ajuntamentbenissano.es\/#organization"},"articleSection":["Bando municipal"],"inLanguage":"es","potentialAction":[{"@type":"CommentAction","name":"Comment","target":["https:\/\/ajuntamentbenissano.es\/es\/bando-municipal\/abierta-la-inscripcion-al-curso-de-canto-del-5o-fim\/#respond"]}]},{"@type":"WebPage","@id":"https:\/\/ajuntamentbenissano.es\/es\/bando-municipal\/abierta-la-inscripcion-al-curso-de-canto-del-5o-fim\/","url":"https:\/\/ajuntamentbenissano.es\/es\/bando-municipal\/abierta-la-inscripcion-al-curso-de-canto-del-5o-fim\/","name":"Abierta la inscripci\u00f3n al Curso de canto del 5\u00ba FIM - Ajuntament de Benissan\u00f3","isPartOf":{"@id":"https:\/\/ajuntamentbenissano.es\/#website"},"datePublished":"2021-04-21T18:29:33+00:00","dateModified":"2021-07-29T17:17:07+00:00","description":"Abierta la inscripci\u00f3n al Curso de canto del 5\u00ba FIM - Bando municipal - Ajuntament de Benissan\u00f3","breadcrumb":{"@id":"https:\/\/ajuntamentbenissano.es\/es\/bando-municipal\/abierta-la-inscripcion-al-curso-de-canto-del-5o-fim\/#breadcrumb"},"inLanguage":"es","potentialAction":[{"@type":"ReadAction","target":["https:\/\/ajuntamentbenissano.es\/es\/bando-municipal\/abierta-la-inscripcion-al-curso-de-canto-del-5o-fim\/"]}]},{"@type":"BreadcrumbList","@id":"https:\/\/ajuntamentbenissano.es\/es\/bando-municipal\/abierta-la-inscripcion-al-curso-de-canto-del-5o-fim\/#breadcrumb","itemListElement":[{"@type":"ListItem","position":1,"name":"Portada","item":"https:\/\/ajuntamentbenissano.es\/es\/"},{"@type":"ListItem","position":2,"name":"Abierta la inscripci\u00f3n al Curso de canto del 5\u00ba FIM"}]},{"@type":"WebSite","@id":"https:\/\/ajuntamentbenissano.es\/#website","url":"https:\/\/ajuntamentbenissano.es\/","name":"Ajuntament de Benissan\u00f3","description":"Benissan\u00f3, un poble amb hist\u00f2ria","publisher":{"@id":"https:\/\/ajuntamentbenissano.es\/#organization"},"potentialAction":[{"@type":"SearchAction","target":{"@type":"EntryPoint","urlTemplate":"https:\/\/ajuntamentbenissano.es\/?s={search_term_string}"},"query-input":"required name=search_term_string"}],"inLanguage":"es"},{"@type":"Organization","@id":"https:\/\/ajuntamentbenissano.es\/#organization","name":"Ajuntament de Benissan\u00f3","url":"https:\/\/ajuntamentbenissano.es\/","logo":{"@type":"ImageObject","inLanguage":"es","@id":"https:\/\/ajuntamentbenissano.es\/#\/schema\/logo\/image\/","url":"https:\/\/ajuntamentbenissano.ayuntamientobenisano.es\/wp-content\/uploads\/2019\/03\/Ajuntament-benissano-st.png","contentUrl":"https:\/\/ajuntamentbenissano.ayuntamientobenisano.es\/wp-content\/uploads\/2019\/03\/Ajuntament-benissano-st.png","width":218,"height":90,"caption":"Ajuntament de Benissan\u00f3"},"image":{"@id":"https:\/\/ajuntamentbenissano.es\/#\/schema\/logo\/image\/"}},{"@type":"Person","@id":"https:\/\/ajuntamentbenissano.es\/#\/schema\/person\/cd2544d7fbf829d6e72cf74719348454","name":"Ajuntament","image":{"@type":"ImageObject","inLanguage":"es","@id":"https:\/\/ajuntamentbenissano.es\/#\/schema\/person\/image\/","url":"https:\/\/secure.gravatar.com\/avatar\/ac492be787adb42c61844fd432eeab1e?s=96&d=mm&r=g","contentUrl":"https:\/\/secure.gravatar.com\/avatar\/ac492be787adb42c61844fd432eeab1e?s=96&d=mm&r=g","caption":"Ajuntament"}}]}},"_links":{"self":[{"href":"https:\/\/ajuntamentbenissano.es\/es\/wp-json\/wp\/v2\/posts\/4383"}],"collection":[{"href":"https:\/\/ajuntamentbenissano.es\/es\/wp-json\/wp\/v2\/posts"}],"about":[{"href":"https:\/\/ajuntamentbenissano.es\/es\/wp-json\/wp\/v2\/types\/post"}],"author":[{"embeddable":true,"href":"https:\/\/ajuntamentbenissano.es\/es\/wp-json\/wp\/v2\/users\/1"}],"replies":[{"embeddable":true,"href":"https:\/\/ajuntamentbenissano.es\/es\/wp-json\/wp\/v2\/comments?post=4383"}],"version-history":[{"count":6,"href":"https:\/\/ajuntamentbenissano.es\/es\/wp-json\/wp\/v2\/posts\/4383\/revisions"}],"predecessor-version":[{"id":4589,"href":"https:\/\/ajuntamentbenissano.es\/es\/wp-json\/wp\/v2\/posts\/4383\/revisions\/4589"}],"wp:featuredmedia":[{"embeddable":true,"href":"https:\/\/ajuntamentbenissano.es\/es\/wp-json\/wp\/v2\/media\/4388"}],"wp:attachment":[{"href":"https:\/\/ajuntamentbenissano.es\/es\/wp-json\/wp\/v2\/media?parent=4383"}],"wp:term":[{"taxonomy":"category","embeddable":true,"href":"https:\/\/ajuntamentbenissano.es\/es\/wp-json\/wp\/v2\/categories?post=4383"},{"taxonomy":"post_tag","embeddable":true,"href":"https:\/\/ajuntamentbenissano.es\/es\/wp-json\/wp\/v2\/tags?post=4383"}],"curies":[{"name":"wp","href":"https:\/\/api.w.org\/{rel}","templated":true}]}}