{"id":4121,"date":"2021-01-09T07:44:03","date_gmt":"2021-01-09T06:44:03","guid":{"rendered":"https:\/\/www.ajuntamentbenissano.es\/?p=4121"},"modified":"2021-03-09T18:20:23","modified_gmt":"2021-03-09T17:20:23","slug":"nuevas-medidas-extraordinarias-para-evitar-la-expansion-del-covid","status":"publish","type":"post","link":"https:\/\/ajuntamentbenissano.es\/es\/noticias\/nuevas-medidas-extraordinarias-para-evitar-la-expansion-del-covid\/","title":{"rendered":"Nuevas medidas extraordinarias para evitar la expansi\u00f3n del COVID"},"content":{"rendered":"<p>[vc_row css_animation=\u00bb\u00bb row_type=\u00bbrow\u00bb use_row_as_full_screen_section=\u00bbno\u00bb type=\u00bbfull_width\u00bb angled_section=\u00bbno\u00bb text_align=\u00bbleft\u00bb background_image_as_pattern=\u00bbwithout_pattern\u00bb][vc_column][vc_column_text]<\/p>\n<div class=\"page\" title=\"Page 1\">\n<div class=\"section\">\n<div class=\"layoutArea\">\n<div class=\"column\">\n<p>Estas son las nuevas medidas adoptadas para evitar la crisis sanitaria por COVID-19:<\/p>\n<ol>\n<li>Precinto temporal de los parques infantiles y el parque de calistenia.<\/li>\n<li>Cierre temporal del Centro Social y la Casa de la Juventud.<\/li>\n<li>Cierre temporal del Ayuntamiento e instauraci\u00f3n el sistema de cita previa, de modo ques\u00f3lo se atender\u00e1 presencialmente a las personas que hayan solicitado previamente la cita de forma telef\u00f3nica.<\/li>\n<\/ol>\n<\/div>\n<\/div>\n<\/div>\n<\/div>\n<p>[\/vc_column_text][vc_column_text]<\/p>\n<div class=\"page\" title=\"Page 1\">\n<div class=\"section\">\n<div class=\"layoutArea\">\n<div class=\"column\"><\/div>\n<\/div>\n<\/div>\n<\/div>\n<h2>Documento oficial<\/h2>\n<p>&nbsp;<\/p>\n<div class=\"page\" title=\"Page 1\">\n<div class=\"section\">\n<div class=\"layoutArea\">\n<div class=\"column\">\n<h3 style=\"text-align: center;\"><span style=\"color: #000000;\">AJUNTAMENT DE BENISSAN\u00d3<\/span><\/h3>\n<h3 style=\"text-align: center;\"><span style=\"color: #000000;\">Exp. 9\/2021<\/span><\/h3>\n<\/div>\n<div class=\"column\" style=\"text-align: center;\">\n<h4><span style=\"color: #000000;\">RESOLUCI\u00d3N DE ALCALD\u00cdA<\/span><\/h4>\n<\/div>\n<\/div>\n<p style=\"text-align: center;\"><span style=\"color: #000000;\"><img loading=\"lazy\" src=\"data:image\/png;base64,iVBORw0KGgoAAAANSUhEUgAAAJoAAAABCAYAAAAmXreXAAAAAXNSR0IArs4c6QAAAHhlWElmTU0AKgAAAAgABAEaAAUAAAABAAAAPgEbAAUAAAABAAAARgEoAAMAAAABAAIAAIdpAAQAAAABAAAATgAAAAAABTIPAAAOSAAFMg8AAA5IAAOgAQADAAAAAQABAACgAgAEAAAAAQAAAJqgAwAEAAAAAQAAAAEAAAAASfQXfwAAAAlwSFlzAAAOUwAADlMBq0g0PQAAABlJREFUKBVjZGBgyAZiPSAeBaMhQKsQKAMAcvwBEXTc2nMAAAAASUVORK5CYII=\" alt=\"page1image52852032\" width=\"153.400000\" height=\"0.600000\" \/><\/span><\/p>\n<div class=\"layoutArea\">\n<div class=\"column\">\n<h2 style=\"text-align: center;\"><span style=\"color: #000000;\">Medidas extraordinarias adoptadas para luchar frente a la crisis sanitaria generada por la expansi\u00f3n del covid-19<\/span><\/h2>\n<p>Visto el Real Decreto 463\/2020, de 14 de marzo, por el que se declara el estado de alarma para la gesti\u00f3n de la situaci\u00f3n de crisis sanitaria ocasionada por el COVID-19. (BOE n\u00fam. 67, de 14 de marzo de 2020),<\/p>\n<p>Visto que con posterioridad se ha dictado un elevado n\u00famero de normativa al respecto, as\u00ed como circulares, instrucciones y recomendaciones en aras de establecer las medidas sanitarias adecuadas que permitan evitar los contagios y la expansi\u00f3n del covid-19,<\/p>\n<p>Visto el Real Decreto 926\/2020, de 25 de octubre, por el que se declara el estado de alarma para contener la propagaci\u00f3n de infecciones causadas por el SARS-CoV-2,<\/p>\n<p>Visto el Real Decreto 956\/2020, de 3 de noviembre, por el que se prorroga el estado de alarma declarado por el Real Decreto 926\/2020, de 25 de octubre,<\/p>\n<p>Considerando que la situaci\u00f3n sanitaria actual es alarmante por el elevado n\u00famero de contagios detectados, de conformidad con la informaci\u00f3n facilitada por los centros sanitarios,<\/p>\n<p>Siendo voluntad de esta Corporaci\u00f3n contribuir, en la medida de lo posible, a minimizar el impacto negativo de la actual crisis sanitaria as\u00ed como seguir las recomendaciones e instrucciones dadas por la autoridad competente, con el objetivo de evitar contactos innecesarios, y otorgando prioridad a la salud de los vecinos del municipio de Benissan\u00f3,<\/p>\n<p>En ejercicio de las facultades que me atribuye el art\u00edculo 21 de la Ley 7\/1985, de 2 de abril, Reguladora de las Bases del Regimen Local,<\/p>\n<p>&nbsp;<\/p>\n<h4 style=\"text-align: center;\"><span style=\"color: #000000;\"><strong>RESUELVO<\/strong><\/span><\/h4>\n<p>&nbsp;<\/p>\n<p><strong>PRIMERO<\/strong>.- Adoptar las siguientes medidas extraordinarias provisionales, con el fin de luchar<\/p>\n<p>contra la actual crisis sanitaria generada por la expansi\u00f3n del covid-19:<\/p>\n<ol>\n<li>Precinto temporal de los parques infantiles y el parque de calistenia.<\/li>\n<li>Cierre temporal del Centro Social y la Casa de la Juventud.<\/li>\n<li>Cierre temporal del Ayuntamiento e instauraci\u00f3n el sistema de cita previa, de modo ques\u00f3lo se atender\u00e1 presencialmente a las personas que hayan solicitado previamente la cita de forma telef\u00f3nica.<\/li>\n<\/ol>\n<p>&nbsp;<\/p>\n<p><strong>SEGUNDO<\/strong>.- Comunicar el contenido del presente acuerdo a la Polic\u00eda Local.<\/p>\n<p>&nbsp;<\/p>\n<p><strong>TERCERO<\/strong>.- Comunicar a los vecinos del municipio las medidas extraordinarias provisionales adoptadas, mediante difusi\u00f3n del contenido del presente acuerdo por todos los medios posibles. Debido al desconocimiento de su duraci\u00f3n, con la antelaci\u00f3n suficiente se pondr\u00e1 en conocimiento de la poblaci\u00f3n el fin de las mismas.<\/p>\n<p>&nbsp;<\/p><\/div>\n<\/div>\n<\/div>\n<\/div>\n<p>[\/vc_column_text][\/vc_column][\/vc_row][vc_row css_animation=\u00bb\u00bb row_type=\u00bbrow\u00bb use_row_as_full_screen_section=\u00bbno\u00bb type=\u00bbfull_width\u00bb angled_section=\u00bbno\u00bb text_align=\u00bbleft\u00bb background_image_as_pattern=\u00bbwithout_pattern\u00bb][vc_column][vc_column_text]<br \/>\n[\/vc_column_text][\/vc_column][\/vc_row][vc_row css_animation=\u00bb\u00bb row_type=\u00bbrow\u00bb use_row_as_full_screen_section=\u00bbno\u00bb type=\u00bbgrid\u00bb angled_section=\u00bbno\u00bb text_align=\u00bbleft\u00bb background_image_as_pattern=\u00bbwithout_pattern\u00bb z_index=\u00bb\u00bb][vc_column css=\u00bb.vc_custom_1610176582354{margin-right: 1% !important;margin-left: 1% !important;}\u00bb]\n\n\t<a href=\"https:\/\/ajuntamentbenissano.ayuntamientobenisano.es\/wp-content\/uploads\/2021\/01\/20210105_Resolucio_RESOLUCIO-2021-0002-Resolucion-Alcaldia-medidas-covid-enero-2021-II.pdf\" target=\"_blank\" style=\"color: #ffffff;background-color: #a60f38\" class=\"qode-btn qode-btn-medium qode-btn-solid qode-btn-custom-hover-bg qode-btn-custom-hover-color qode-btn-custom-icon-bg-hover-color qode-btn-icon qode-btn-default-hover\" data-hover-bg-color=\"#ffffff\" data-hover-color=\"#a60f38\" >\n\t    <span class=\"qode-btn-text\">Ver el documento oficial publicado por el Ayuntamiento de Benissan\u00f3<\/span><span class=\"qode-button-v2-icon-holder\" style=\"border-color: #ffffff;background-color: #a60f38\" data-hover-icon-border-color=\"#a60f38\" data-hover-icon-bg-color=\"#ffffff\"><i class=\"qode_icon_font_awesome fa fa-eye qode-button-v2-icon-holder-inner\" ><\/i><\/span>\t<\/a>\n\n[\/vc_column][\/vc_row]<\/p>\n","protected":false},"excerpt":{"rendered":"<p>Nuevas medidas extraordinarias provisionales, con el fin de luchar contra la actual crisis sanitaria generada por la expansi\u00f3n del covid-19<\/p>\n","protected":false},"author":1,"featured_media":4128,"comment_status":"open","ping_status":"open","sticky":false,"template":"","format":"standard","meta":[],"categories":[1],"tags":[],"yoast_head":"<!-- This site is optimized with the Yoast SEO plugin v19.10 - https:\/\/yoast.com\/wordpress\/plugins\/seo\/ -->\n<title>Nuevas medidas extraordinarias para evitar la expansi\u00f3n del COVID - Ajuntament de Benissan\u00f3<\/title>\n<meta name=\"description\" content=\"Nuevas medidas extraordinarias para evitar la expansi\u00f3n del COVID - Ajuntament de Benissan\u00f3\" \/>\n<meta name=\"robots\" content=\"index, follow, max-snippet:-1, max-image-preview:large, max-video-preview:-1\" \/>\n<link rel=\"canonical\" href=\"https:\/\/ajuntamentbenissano.es\/es\/noticias\/nuevas-medidas-extraordinarias-para-evitar-la-expansion-del-covid\/\" \/>\n<meta property=\"og:locale\" content=\"es_ES\" \/>\n<meta property=\"og:type\" content=\"article\" \/>\n<meta property=\"og:title\" content=\"Nuevas medidas extraordinarias para evitar la expansi\u00f3n del COVID - Ajuntament de Benissan\u00f3\" \/>\n<meta property=\"og:description\" content=\"Nuevas medidas extraordinarias para evitar la expansi\u00f3n del COVID - Ajuntament de Benissan\u00f3\" \/>\n<meta property=\"og:url\" content=\"https:\/\/ajuntamentbenissano.es\/es\/noticias\/nuevas-medidas-extraordinarias-para-evitar-la-expansion-del-covid\/\" \/>\n<meta property=\"og:site_name\" content=\"Ajuntament de Benissan\u00f3\" \/>\n<meta property=\"article:published_time\" content=\"2021-01-09T06:44:03+00:00\" \/>\n<meta property=\"article:modified_time\" content=\"2021-03-09T17:20:23+00:00\" \/>\n<meta property=\"og:image\" content=\"https:\/\/ajuntamentbenissano.es\/wp-content\/uploads\/2021\/01\/ajuntament-benissano-mesures-covid-19-portada.jpg\" \/>\n\t<meta property=\"og:image:width\" content=\"600\" \/>\n\t<meta property=\"og:image:height\" content=\"446\" \/>\n\t<meta property=\"og:image:type\" content=\"image\/jpeg\" \/>\n<meta name=\"author\" content=\"Ajuntament\" \/>\n<meta name=\"twitter:card\" content=\"summary_large_image\" \/>\n<meta name=\"twitter:label1\" content=\"Escrito por\" \/>\n\t<meta name=\"twitter:data1\" content=\"Ajuntament\" \/>\n\t<meta name=\"twitter:label2\" content=\"Tiempo de lectura\" \/>\n\t<meta name=\"twitter:data2\" content=\"3 minutos\" \/>\n<script type=\"application\/ld+json\" class=\"yoast-schema-graph\">{\"@context\":\"https:\/\/schema.org\",\"@graph\":[{\"@type\":\"Article\",\"@id\":\"https:\/\/ajuntamentbenissano.es\/es\/noticias\/nuevas-medidas-extraordinarias-para-evitar-la-expansion-del-covid\/#article\",\"isPartOf\":{\"@id\":\"https:\/\/ajuntamentbenissano.es\/es\/noticias\/nuevas-medidas-extraordinarias-para-evitar-la-expansion-del-covid\/\"},\"author\":{\"name\":\"Ajuntament\",\"@id\":\"https:\/\/ajuntamentbenissano.es\/#\/schema\/person\/cd2544d7fbf829d6e72cf74719348454\"},\"headline\":\"Nuevas medidas extraordinarias para evitar la expansi\u00f3n del COVID\",\"datePublished\":\"2021-01-09T06:44:03+00:00\",\"dateModified\":\"2021-03-09T17:20:23+00:00\",\"mainEntityOfPage\":{\"@id\":\"https:\/\/ajuntamentbenissano.es\/es\/noticias\/nuevas-medidas-extraordinarias-para-evitar-la-expansion-del-covid\/\"},\"wordCount\":695,\"commentCount\":0,\"publisher\":{\"@id\":\"https:\/\/ajuntamentbenissano.es\/#organization\"},\"articleSection\":[\"Noticias\"],\"inLanguage\":\"es\",\"potentialAction\":[{\"@type\":\"CommentAction\",\"name\":\"Comment\",\"target\":[\"https:\/\/ajuntamentbenissano.es\/es\/noticias\/nuevas-medidas-extraordinarias-para-evitar-la-expansion-del-covid\/#respond\"]}]},{\"@type\":\"WebPage\",\"@id\":\"https:\/\/ajuntamentbenissano.es\/es\/noticias\/nuevas-medidas-extraordinarias-para-evitar-la-expansion-del-covid\/\",\"url\":\"https:\/\/ajuntamentbenissano.es\/es\/noticias\/nuevas-medidas-extraordinarias-para-evitar-la-expansion-del-covid\/\",\"name\":\"Nuevas medidas extraordinarias para evitar la expansi\u00f3n del COVID - Ajuntament de Benissan\u00f3\",\"isPartOf\":{\"@id\":\"https:\/\/ajuntamentbenissano.es\/#website\"},\"datePublished\":\"2021-01-09T06:44:03+00:00\",\"dateModified\":\"2021-03-09T17:20:23+00:00\",\"description\":\"Nuevas medidas extraordinarias para evitar la expansi\u00f3n del COVID - Ajuntament de Benissan\u00f3\",\"breadcrumb\":{\"@id\":\"https:\/\/ajuntamentbenissano.es\/es\/noticias\/nuevas-medidas-extraordinarias-para-evitar-la-expansion-del-covid\/#breadcrumb\"},\"inLanguage\":\"es\",\"potentialAction\":[{\"@type\":\"ReadAction\",\"target\":[\"https:\/\/ajuntamentbenissano.es\/es\/noticias\/nuevas-medidas-extraordinarias-para-evitar-la-expansion-del-covid\/\"]}]},{\"@type\":\"BreadcrumbList\",\"@id\":\"https:\/\/ajuntamentbenissano.es\/es\/noticias\/nuevas-medidas-extraordinarias-para-evitar-la-expansion-del-covid\/#breadcrumb\",\"itemListElement\":[{\"@type\":\"ListItem\",\"position\":1,\"name\":\"Portada\",\"item\":\"https:\/\/ajuntamentbenissano.es\/es\/\"},{\"@type\":\"ListItem\",\"position\":2,\"name\":\"Nuevas medidas extraordinarias para evitar la expansi\u00f3n del COVID\"}]},{\"@type\":\"WebSite\",\"@id\":\"https:\/\/ajuntamentbenissano.es\/#website\",\"url\":\"https:\/\/ajuntamentbenissano.es\/\",\"name\":\"Ajuntament de Benissan\u00f3\",\"description\":\"Benissan\u00f3, un poble amb hist\u00f2ria\",\"publisher\":{\"@id\":\"https:\/\/ajuntamentbenissano.es\/#organization\"},\"potentialAction\":[{\"@type\":\"SearchAction\",\"target\":{\"@type\":\"EntryPoint\",\"urlTemplate\":\"https:\/\/ajuntamentbenissano.es\/?s={search_term_string}\"},\"query-input\":\"required name=search_term_string\"}],\"inLanguage\":\"es\"},{\"@type\":\"Organization\",\"@id\":\"https:\/\/ajuntamentbenissano.es\/#organization\",\"name\":\"Ajuntament de Benissan\u00f3\",\"url\":\"https:\/\/ajuntamentbenissano.es\/\",\"logo\":{\"@type\":\"ImageObject\",\"inLanguage\":\"es\",\"@id\":\"https:\/\/ajuntamentbenissano.es\/#\/schema\/logo\/image\/\",\"url\":\"https:\/\/ajuntamentbenissano.ayuntamientobenisano.es\/wp-content\/uploads\/2019\/03\/Ajuntament-benissano-st.png\",\"contentUrl\":\"https:\/\/ajuntamentbenissano.ayuntamientobenisano.es\/wp-content\/uploads\/2019\/03\/Ajuntament-benissano-st.png\",\"width\":218,\"height\":90,\"caption\":\"Ajuntament de Benissan\u00f3\"},\"image\":{\"@id\":\"https:\/\/ajuntamentbenissano.es\/#\/schema\/logo\/image\/\"}},{\"@type\":\"Person\",\"@id\":\"https:\/\/ajuntamentbenissano.es\/#\/schema\/person\/cd2544d7fbf829d6e72cf74719348454\",\"name\":\"Ajuntament\",\"image\":{\"@type\":\"ImageObject\",\"inLanguage\":\"es\",\"@id\":\"https:\/\/ajuntamentbenissano.es\/#\/schema\/person\/image\/\",\"url\":\"https:\/\/secure.gravatar.com\/avatar\/ac492be787adb42c61844fd432eeab1e?s=96&d=mm&r=g\",\"contentUrl\":\"https:\/\/secure.gravatar.com\/avatar\/ac492be787adb42c61844fd432eeab1e?s=96&d=mm&r=g\",\"caption\":\"Ajuntament\"}}]}<\/script>\n<!-- \/ Yoast SEO plugin. -->","yoast_head_json":{"title":"Nuevas medidas extraordinarias para evitar la expansi\u00f3n del COVID - Ajuntament de Benissan\u00f3","description":"Nuevas medidas extraordinarias para evitar la expansi\u00f3n del COVID - Ajuntament de Benissan\u00f3","robots":{"index":"index","follow":"follow","max-snippet":"max-snippet:-1","max-image-preview":"max-image-preview:large","max-video-preview":"max-video-preview:-1"},"canonical":"https:\/\/ajuntamentbenissano.es\/es\/noticias\/nuevas-medidas-extraordinarias-para-evitar-la-expansion-del-covid\/","og_locale":"es_ES","og_type":"article","og_title":"Nuevas medidas extraordinarias para evitar la expansi\u00f3n del COVID - Ajuntament de Benissan\u00f3","og_description":"Nuevas medidas extraordinarias para evitar la expansi\u00f3n del COVID - Ajuntament de Benissan\u00f3","og_url":"https:\/\/ajuntamentbenissano.es\/es\/noticias\/nuevas-medidas-extraordinarias-para-evitar-la-expansion-del-covid\/","og_site_name":"Ajuntament de Benissan\u00f3","article_published_time":"2021-01-09T06:44:03+00:00","article_modified_time":"2021-03-09T17:20:23+00:00","og_image":[{"width":600,"height":446,"url":"https:\/\/ajuntamentbenissano.es\/wp-content\/uploads\/2021\/01\/ajuntament-benissano-mesures-covid-19-portada.jpg","type":"image\/jpeg"}],"author":"Ajuntament","twitter_card":"summary_large_image","twitter_misc":{"Escrito por":"Ajuntament","Tiempo de lectura":"3 minutos"},"schema":{"@context":"https:\/\/schema.org","@graph":[{"@type":"Article","@id":"https:\/\/ajuntamentbenissano.es\/es\/noticias\/nuevas-medidas-extraordinarias-para-evitar-la-expansion-del-covid\/#article","isPartOf":{"@id":"https:\/\/ajuntamentbenissano.es\/es\/noticias\/nuevas-medidas-extraordinarias-para-evitar-la-expansion-del-covid\/"},"author":{"name":"Ajuntament","@id":"https:\/\/ajuntamentbenissano.es\/#\/schema\/person\/cd2544d7fbf829d6e72cf74719348454"},"headline":"Nuevas medidas extraordinarias para evitar la expansi\u00f3n del COVID","datePublished":"2021-01-09T06:44:03+00:00","dateModified":"2021-03-09T17:20:23+00:00","mainEntityOfPage":{"@id":"https:\/\/ajuntamentbenissano.es\/es\/noticias\/nuevas-medidas-extraordinarias-para-evitar-la-expansion-del-covid\/"},"wordCount":695,"commentCount":0,"publisher":{"@id":"https:\/\/ajuntamentbenissano.es\/#organization"},"articleSection":["Noticias"],"inLanguage":"es","potentialAction":[{"@type":"CommentAction","name":"Comment","target":["https:\/\/ajuntamentbenissano.es\/es\/noticias\/nuevas-medidas-extraordinarias-para-evitar-la-expansion-del-covid\/#respond"]}]},{"@type":"WebPage","@id":"https:\/\/ajuntamentbenissano.es\/es\/noticias\/nuevas-medidas-extraordinarias-para-evitar-la-expansion-del-covid\/","url":"https:\/\/ajuntamentbenissano.es\/es\/noticias\/nuevas-medidas-extraordinarias-para-evitar-la-expansion-del-covid\/","name":"Nuevas medidas extraordinarias para evitar la expansi\u00f3n del COVID - Ajuntament de Benissan\u00f3","isPartOf":{"@id":"https:\/\/ajuntamentbenissano.es\/#website"},"datePublished":"2021-01-09T06:44:03+00:00","dateModified":"2021-03-09T17:20:23+00:00","description":"Nuevas medidas extraordinarias para evitar la expansi\u00f3n del COVID - Ajuntament de Benissan\u00f3","breadcrumb":{"@id":"https:\/\/ajuntamentbenissano.es\/es\/noticias\/nuevas-medidas-extraordinarias-para-evitar-la-expansion-del-covid\/#breadcrumb"},"inLanguage":"es","potentialAction":[{"@type":"ReadAction","target":["https:\/\/ajuntamentbenissano.es\/es\/noticias\/nuevas-medidas-extraordinarias-para-evitar-la-expansion-del-covid\/"]}]},{"@type":"BreadcrumbList","@id":"https:\/\/ajuntamentbenissano.es\/es\/noticias\/nuevas-medidas-extraordinarias-para-evitar-la-expansion-del-covid\/#breadcrumb","itemListElement":[{"@type":"ListItem","position":1,"name":"Portada","item":"https:\/\/ajuntamentbenissano.es\/es\/"},{"@type":"ListItem","position":2,"name":"Nuevas medidas extraordinarias para evitar la expansi\u00f3n del COVID"}]},{"@type":"WebSite","@id":"https:\/\/ajuntamentbenissano.es\/#website","url":"https:\/\/ajuntamentbenissano.es\/","name":"Ajuntament de Benissan\u00f3","description":"Benissan\u00f3, un poble amb hist\u00f2ria","publisher":{"@id":"https:\/\/ajuntamentbenissano.es\/#organization"},"potentialAction":[{"@type":"SearchAction","target":{"@type":"EntryPoint","urlTemplate":"https:\/\/ajuntamentbenissano.es\/?s={search_term_string}"},"query-input":"required name=search_term_string"}],"inLanguage":"es"},{"@type":"Organization","@id":"https:\/\/ajuntamentbenissano.es\/#organization","name":"Ajuntament de Benissan\u00f3","url":"https:\/\/ajuntamentbenissano.es\/","logo":{"@type":"ImageObject","inLanguage":"es","@id":"https:\/\/ajuntamentbenissano.es\/#\/schema\/logo\/image\/","url":"https:\/\/ajuntamentbenissano.ayuntamientobenisano.es\/wp-content\/uploads\/2019\/03\/Ajuntament-benissano-st.png","contentUrl":"https:\/\/ajuntamentbenissano.ayuntamientobenisano.es\/wp-content\/uploads\/2019\/03\/Ajuntament-benissano-st.png","width":218,"height":90,"caption":"Ajuntament de Benissan\u00f3"},"image":{"@id":"https:\/\/ajuntamentbenissano.es\/#\/schema\/logo\/image\/"}},{"@type":"Person","@id":"https:\/\/ajuntamentbenissano.es\/#\/schema\/person\/cd2544d7fbf829d6e72cf74719348454","name":"Ajuntament","image":{"@type":"ImageObject","inLanguage":"es","@id":"https:\/\/ajuntamentbenissano.es\/#\/schema\/person\/image\/","url":"https:\/\/secure.gravatar.com\/avatar\/ac492be787adb42c61844fd432eeab1e?s=96&d=mm&r=g","contentUrl":"https:\/\/secure.gravatar.com\/avatar\/ac492be787adb42c61844fd432eeab1e?s=96&d=mm&r=g","caption":"Ajuntament"}}]}},"_links":{"self":[{"href":"https:\/\/ajuntamentbenissano.es\/es\/wp-json\/wp\/v2\/posts\/4121"}],"collection":[{"href":"https:\/\/ajuntamentbenissano.es\/es\/wp-json\/wp\/v2\/posts"}],"about":[{"href":"https:\/\/ajuntamentbenissano.es\/es\/wp-json\/wp\/v2\/types\/post"}],"author":[{"embeddable":true,"href":"https:\/\/ajuntamentbenissano.es\/es\/wp-json\/wp\/v2\/users\/1"}],"replies":[{"embeddable":true,"href":"https:\/\/ajuntamentbenissano.es\/es\/wp-json\/wp\/v2\/comments?post=4121"}],"version-history":[{"count":1,"href":"https:\/\/ajuntamentbenissano.es\/es\/wp-json\/wp\/v2\/posts\/4121\/revisions"}],"predecessor-version":[{"id":4292,"href":"https:\/\/ajuntamentbenissano.es\/es\/wp-json\/wp\/v2\/posts\/4121\/revisions\/4292"}],"wp:featuredmedia":[{"embeddable":true,"href":"https:\/\/ajuntamentbenissano.es\/es\/wp-json\/wp\/v2\/media\/4128"}],"wp:attachment":[{"href":"https:\/\/ajuntamentbenissano.es\/es\/wp-json\/wp\/v2\/media?parent=4121"}],"wp:term":[{"taxonomy":"category","embeddable":true,"href":"https:\/\/ajuntamentbenissano.es\/es\/wp-json\/wp\/v2\/categories?post=4121"},{"taxonomy":"post_tag","embeddable":true,"href":"https:\/\/ajuntamentbenissano.es\/es\/wp-json\/wp\/v2\/tags?post=4121"}],"curies":[{"name":"wp","href":"https:\/\/api.w.org\/{rel}","templated":true}]}}