{"id":3932,"date":"2020-10-27T08:40:29","date_gmt":"2020-10-27T07:40:29","guid":{"rendered":"https:\/\/www.ajuntamentbenissano.es\/?p=3932"},"modified":"2020-10-27T08:53:42","modified_gmt":"2020-10-27T07:53:42","slug":"programa-de-contratacion-ecovid-2020","status":"publish","type":"post","link":"https:\/\/ajuntamentbenissano.es\/es\/actualidad\/programa-de-contratacion-ecovid-2020\/","title":{"rendered":"Programa de contrataci\u00f3n eCOVID 2020"},"content":{"rendered":"<p><img loading=\"lazy\" class=\"size-full wp-image-3935 aligncenter\" src=\"https:\/\/ajuntamentbenissano.ayuntamientobenisano.es\/wp-content\/uploads\/2020\/10\/programa-ecovid-2020-contratacion.jpg\" alt=\"Programa ecovid 2020 contrataci\u00f3n\" width=\"400\" height=\"563\" srcset=\"https:\/\/ajuntamentbenissano.es\/wp-content\/uploads\/2020\/10\/programa-ecovid-2020-contratacion.jpg 400w, https:\/\/ajuntamentbenissano.es\/wp-content\/uploads\/2020\/10\/programa-ecovid-2020-contratacion-213x300.jpg 213w\" sizes=\"(max-width: 400px) 100vw, 400px\" \/><\/p>\n<p>&nbsp;<\/p>\n<p>Informaci\u00f3n relativa a los puestos de trabajo concedidos al Ayuntamiento de Benissan\u00f3 dentro de las subvenciones destinadas a la contrataci\u00f3n de personas de al menos 30 a\u00f1os de edad, paradas como consecuencia de la coyuntura derivada por la COVID 19, en colaboraci\u00f3n con corporaciones locales de la Comunitat Valenciana (AVALEM EXPERI\u00c8NCIA) \u2013ECOVID<b>\u2013 <\/b>anualidad 2020.<\/p>\n<p>Vista la Resoluci\u00f3n de 7 de agosto de 2020, de director general de LABORA Servicio Valenciano de Ocupaci\u00f3n y Formaci\u00f3n, por la cual se convocan para el ejercicio 2020 las subvenciones destinadas a la contrataci\u00f3n de personas mayores de 30 a\u00f1os de edad, paradas como consecuencia de la coyuntura derivada por la COVID 19, en colaboraci\u00f3n con corporaciones locales de la Comunitat Valenciana (AVALEM EXPERI\u00c8NCIA), publicada en el DOGV n\u00fam 8879 de 11 de agosto de 2020.<\/p>\n<p>&nbsp;<\/p>\n<h3>SUBVENCI\u00d3N CONCEDIDA AL AYUNTAMIENTO DE BENISSAN\u00d3: 40.605,06\u20ac<\/h3>\n<p>&nbsp;<\/p>\n<p><strong>Contrataci\u00f3n de<\/strong>:<\/p>\n<ul>\n<li>1 Conserje<\/li>\n<li>3 Peones de limpieza<\/li>\n<\/ul>\n<p>&nbsp;<\/p>\n<p><strong>Duraci\u00f3n del contrato<\/strong>: 6 mesos<\/p>\n<p>&nbsp;<\/p>\n<p>&nbsp;<\/p>\n","protected":false},"excerpt":{"rendered":"<p>Informaci\u00f3n relativa a los puestos de trabajo concedidos al Ayuntamiento de Benissan\u00f3 dentro de las subvenciones destinadas a la contrataci\u00f3n de personas<\/p>\n","protected":false},"author":1,"featured_media":3940,"comment_status":"open","ping_status":"open","sticky":false,"template":"","format":"standard","meta":[],"categories":[38,1],"tags":[],"yoast_head":"<!-- This site is optimized with the Yoast SEO plugin v19.10 - https:\/\/yoast.com\/wordpress\/plugins\/seo\/ -->\n<title>Programa de contrataci\u00f3n eCOVID 2020 - Ajuntament de Benissan\u00f3<\/title>\n<meta name=\"description\" content=\"Programa de contrataci\u00f3n eCOVID 2020 - Actualidad - Ajuntament de Benissan\u00f3\" \/>\n<meta name=\"robots\" content=\"index, follow, max-snippet:-1, max-image-preview:large, max-video-preview:-1\" \/>\n<link rel=\"canonical\" href=\"https:\/\/ajuntamentbenissano.es\/es\/actualidad\/programa-de-contratacion-ecovid-2020\/\" \/>\n<meta property=\"og:locale\" content=\"es_ES\" \/>\n<meta property=\"og:type\" content=\"article\" \/>\n<meta property=\"og:title\" content=\"Programa de contrataci\u00f3n eCOVID 2020 - Ajuntament de Benissan\u00f3\" \/>\n<meta property=\"og:description\" content=\"Programa de contrataci\u00f3n eCOVID 2020 - Actualidad - Ajuntament de Benissan\u00f3\" \/>\n<meta property=\"og:url\" content=\"https:\/\/ajuntamentbenissano.es\/es\/actualidad\/programa-de-contratacion-ecovid-2020\/\" \/>\n<meta property=\"og:site_name\" content=\"Ajuntament de Benissan\u00f3\" \/>\n<meta property=\"article:published_time\" content=\"2020-10-27T07:40:29+00:00\" \/>\n<meta property=\"article:modified_time\" content=\"2020-10-27T07:53:42+00:00\" \/>\n<meta property=\"og:image\" content=\"https:\/\/ajuntamentbenissano.es\/wp-content\/uploads\/2020\/10\/programa-contratacion-ecovid-2020-portada.jpg\" \/>\n\t<meta property=\"og:image:width\" content=\"600\" \/>\n\t<meta property=\"og:image:height\" content=\"446\" \/>\n\t<meta property=\"og:image:type\" content=\"image\/jpeg\" \/>\n<meta name=\"author\" content=\"Ajuntament\" \/>\n<meta name=\"twitter:card\" content=\"summary_large_image\" \/>\n<meta name=\"twitter:label1\" content=\"Escrito por\" \/>\n\t<meta name=\"twitter:data1\" content=\"Ajuntament\" \/>\n\t<meta name=\"twitter:label2\" content=\"Tiempo de lectura\" \/>\n\t<meta name=\"twitter:data2\" content=\"1 minuto\" \/>\n<script type=\"application\/ld+json\" class=\"yoast-schema-graph\">{\"@context\":\"https:\/\/schema.org\",\"@graph\":[{\"@type\":\"Article\",\"@id\":\"https:\/\/ajuntamentbenissano.es\/es\/actualidad\/programa-de-contratacion-ecovid-2020\/#article\",\"isPartOf\":{\"@id\":\"https:\/\/ajuntamentbenissano.es\/es\/actualidad\/programa-de-contratacion-ecovid-2020\/\"},\"author\":{\"name\":\"Ajuntament\",\"@id\":\"https:\/\/ajuntamentbenissano.es\/#\/schema\/person\/cd2544d7fbf829d6e72cf74719348454\"},\"headline\":\"Programa de contrataci\u00f3n eCOVID 2020\",\"datePublished\":\"2020-10-27T07:40:29+00:00\",\"dateModified\":\"2020-10-27T07:53:42+00:00\",\"mainEntityOfPage\":{\"@id\":\"https:\/\/ajuntamentbenissano.es\/es\/actualidad\/programa-de-contratacion-ecovid-2020\/\"},\"wordCount\":163,\"commentCount\":0,\"publisher\":{\"@id\":\"https:\/\/ajuntamentbenissano.es\/#organization\"},\"articleSection\":[\"Actualidad\",\"Noticias\"],\"inLanguage\":\"es\",\"potentialAction\":[{\"@type\":\"CommentAction\",\"name\":\"Comment\",\"target\":[\"https:\/\/ajuntamentbenissano.es\/es\/actualidad\/programa-de-contratacion-ecovid-2020\/#respond\"]}]},{\"@type\":\"WebPage\",\"@id\":\"https:\/\/ajuntamentbenissano.es\/es\/actualidad\/programa-de-contratacion-ecovid-2020\/\",\"url\":\"https:\/\/ajuntamentbenissano.es\/es\/actualidad\/programa-de-contratacion-ecovid-2020\/\",\"name\":\"Programa de contrataci\u00f3n eCOVID 2020 - Ajuntament de Benissan\u00f3\",\"isPartOf\":{\"@id\":\"https:\/\/ajuntamentbenissano.es\/#website\"},\"datePublished\":\"2020-10-27T07:40:29+00:00\",\"dateModified\":\"2020-10-27T07:53:42+00:00\",\"description\":\"Programa de contrataci\u00f3n eCOVID 2020 - Actualidad - Ajuntament de Benissan\u00f3\",\"breadcrumb\":{\"@id\":\"https:\/\/ajuntamentbenissano.es\/es\/actualidad\/programa-de-contratacion-ecovid-2020\/#breadcrumb\"},\"inLanguage\":\"es\",\"potentialAction\":[{\"@type\":\"ReadAction\",\"target\":[\"https:\/\/ajuntamentbenissano.es\/es\/actualidad\/programa-de-contratacion-ecovid-2020\/\"]}]},{\"@type\":\"BreadcrumbList\",\"@id\":\"https:\/\/ajuntamentbenissano.es\/es\/actualidad\/programa-de-contratacion-ecovid-2020\/#breadcrumb\",\"itemListElement\":[{\"@type\":\"ListItem\",\"position\":1,\"name\":\"Portada\",\"item\":\"https:\/\/ajuntamentbenissano.es\/es\/\"},{\"@type\":\"ListItem\",\"position\":2,\"name\":\"Programa de contrataci\u00f3n eCOVID 2020\"}]},{\"@type\":\"WebSite\",\"@id\":\"https:\/\/ajuntamentbenissano.es\/#website\",\"url\":\"https:\/\/ajuntamentbenissano.es\/\",\"name\":\"Ajuntament de Benissan\u00f3\",\"description\":\"Benissan\u00f3, un poble amb hist\u00f2ria\",\"publisher\":{\"@id\":\"https:\/\/ajuntamentbenissano.es\/#organization\"},\"potentialAction\":[{\"@type\":\"SearchAction\",\"target\":{\"@type\":\"EntryPoint\",\"urlTemplate\":\"https:\/\/ajuntamentbenissano.es\/?s={search_term_string}\"},\"query-input\":\"required name=search_term_string\"}],\"inLanguage\":\"es\"},{\"@type\":\"Organization\",\"@id\":\"https:\/\/ajuntamentbenissano.es\/#organization\",\"name\":\"Ajuntament de Benissan\u00f3\",\"url\":\"https:\/\/ajuntamentbenissano.es\/\",\"logo\":{\"@type\":\"ImageObject\",\"inLanguage\":\"es\",\"@id\":\"https:\/\/ajuntamentbenissano.es\/#\/schema\/logo\/image\/\",\"url\":\"https:\/\/ajuntamentbenissano.ayuntamientobenisano.es\/wp-content\/uploads\/2019\/03\/Ajuntament-benissano-st.png\",\"contentUrl\":\"https:\/\/ajuntamentbenissano.ayuntamientobenisano.es\/wp-content\/uploads\/2019\/03\/Ajuntament-benissano-st.png\",\"width\":218,\"height\":90,\"caption\":\"Ajuntament de Benissan\u00f3\"},\"image\":{\"@id\":\"https:\/\/ajuntamentbenissano.es\/#\/schema\/logo\/image\/\"}},{\"@type\":\"Person\",\"@id\":\"https:\/\/ajuntamentbenissano.es\/#\/schema\/person\/cd2544d7fbf829d6e72cf74719348454\",\"name\":\"Ajuntament\",\"image\":{\"@type\":\"ImageObject\",\"inLanguage\":\"es\",\"@id\":\"https:\/\/ajuntamentbenissano.es\/#\/schema\/person\/image\/\",\"url\":\"https:\/\/secure.gravatar.com\/avatar\/ac492be787adb42c61844fd432eeab1e?s=96&d=mm&r=g\",\"contentUrl\":\"https:\/\/secure.gravatar.com\/avatar\/ac492be787adb42c61844fd432eeab1e?s=96&d=mm&r=g\",\"caption\":\"Ajuntament\"}}]}<\/script>\n<!-- \/ Yoast SEO plugin. -->","yoast_head_json":{"title":"Programa de contrataci\u00f3n eCOVID 2020 - Ajuntament de Benissan\u00f3","description":"Programa de contrataci\u00f3n eCOVID 2020 - Actualidad - Ajuntament de Benissan\u00f3","robots":{"index":"index","follow":"follow","max-snippet":"max-snippet:-1","max-image-preview":"max-image-preview:large","max-video-preview":"max-video-preview:-1"},"canonical":"https:\/\/ajuntamentbenissano.es\/es\/actualidad\/programa-de-contratacion-ecovid-2020\/","og_locale":"es_ES","og_type":"article","og_title":"Programa de contrataci\u00f3n eCOVID 2020 - Ajuntament de Benissan\u00f3","og_description":"Programa de contrataci\u00f3n eCOVID 2020 - Actualidad - Ajuntament de Benissan\u00f3","og_url":"https:\/\/ajuntamentbenissano.es\/es\/actualidad\/programa-de-contratacion-ecovid-2020\/","og_site_name":"Ajuntament de Benissan\u00f3","article_published_time":"2020-10-27T07:40:29+00:00","article_modified_time":"2020-10-27T07:53:42+00:00","og_image":[{"width":600,"height":446,"url":"https:\/\/ajuntamentbenissano.es\/wp-content\/uploads\/2020\/10\/programa-contratacion-ecovid-2020-portada.jpg","type":"image\/jpeg"}],"author":"Ajuntament","twitter_card":"summary_large_image","twitter_misc":{"Escrito por":"Ajuntament","Tiempo de lectura":"1 minuto"},"schema":{"@context":"https:\/\/schema.org","@graph":[{"@type":"Article","@id":"https:\/\/ajuntamentbenissano.es\/es\/actualidad\/programa-de-contratacion-ecovid-2020\/#article","isPartOf":{"@id":"https:\/\/ajuntamentbenissano.es\/es\/actualidad\/programa-de-contratacion-ecovid-2020\/"},"author":{"name":"Ajuntament","@id":"https:\/\/ajuntamentbenissano.es\/#\/schema\/person\/cd2544d7fbf829d6e72cf74719348454"},"headline":"Programa de contrataci\u00f3n eCOVID 2020","datePublished":"2020-10-27T07:40:29+00:00","dateModified":"2020-10-27T07:53:42+00:00","mainEntityOfPage":{"@id":"https:\/\/ajuntamentbenissano.es\/es\/actualidad\/programa-de-contratacion-ecovid-2020\/"},"wordCount":163,"commentCount":0,"publisher":{"@id":"https:\/\/ajuntamentbenissano.es\/#organization"},"articleSection":["Actualidad","Noticias"],"inLanguage":"es","potentialAction":[{"@type":"CommentAction","name":"Comment","target":["https:\/\/ajuntamentbenissano.es\/es\/actualidad\/programa-de-contratacion-ecovid-2020\/#respond"]}]},{"@type":"WebPage","@id":"https:\/\/ajuntamentbenissano.es\/es\/actualidad\/programa-de-contratacion-ecovid-2020\/","url":"https:\/\/ajuntamentbenissano.es\/es\/actualidad\/programa-de-contratacion-ecovid-2020\/","name":"Programa de contrataci\u00f3n eCOVID 2020 - Ajuntament de Benissan\u00f3","isPartOf":{"@id":"https:\/\/ajuntamentbenissano.es\/#website"},"datePublished":"2020-10-27T07:40:29+00:00","dateModified":"2020-10-27T07:53:42+00:00","description":"Programa de contrataci\u00f3n eCOVID 2020 - Actualidad - Ajuntament de Benissan\u00f3","breadcrumb":{"@id":"https:\/\/ajuntamentbenissano.es\/es\/actualidad\/programa-de-contratacion-ecovid-2020\/#breadcrumb"},"inLanguage":"es","potentialAction":[{"@type":"ReadAction","target":["https:\/\/ajuntamentbenissano.es\/es\/actualidad\/programa-de-contratacion-ecovid-2020\/"]}]},{"@type":"BreadcrumbList","@id":"https:\/\/ajuntamentbenissano.es\/es\/actualidad\/programa-de-contratacion-ecovid-2020\/#breadcrumb","itemListElement":[{"@type":"ListItem","position":1,"name":"Portada","item":"https:\/\/ajuntamentbenissano.es\/es\/"},{"@type":"ListItem","position":2,"name":"Programa de contrataci\u00f3n eCOVID 2020"}]},{"@type":"WebSite","@id":"https:\/\/ajuntamentbenissano.es\/#website","url":"https:\/\/ajuntamentbenissano.es\/","name":"Ajuntament de Benissan\u00f3","description":"Benissan\u00f3, un poble amb hist\u00f2ria","publisher":{"@id":"https:\/\/ajuntamentbenissano.es\/#organization"},"potentialAction":[{"@type":"SearchAction","target":{"@type":"EntryPoint","urlTemplate":"https:\/\/ajuntamentbenissano.es\/?s={search_term_string}"},"query-input":"required name=search_term_string"}],"inLanguage":"es"},{"@type":"Organization","@id":"https:\/\/ajuntamentbenissano.es\/#organization","name":"Ajuntament de Benissan\u00f3","url":"https:\/\/ajuntamentbenissano.es\/","logo":{"@type":"ImageObject","inLanguage":"es","@id":"https:\/\/ajuntamentbenissano.es\/#\/schema\/logo\/image\/","url":"https:\/\/ajuntamentbenissano.ayuntamientobenisano.es\/wp-content\/uploads\/2019\/03\/Ajuntament-benissano-st.png","contentUrl":"https:\/\/ajuntamentbenissano.ayuntamientobenisano.es\/wp-content\/uploads\/2019\/03\/Ajuntament-benissano-st.png","width":218,"height":90,"caption":"Ajuntament de Benissan\u00f3"},"image":{"@id":"https:\/\/ajuntamentbenissano.es\/#\/schema\/logo\/image\/"}},{"@type":"Person","@id":"https:\/\/ajuntamentbenissano.es\/#\/schema\/person\/cd2544d7fbf829d6e72cf74719348454","name":"Ajuntament","image":{"@type":"ImageObject","inLanguage":"es","@id":"https:\/\/ajuntamentbenissano.es\/#\/schema\/person\/image\/","url":"https:\/\/secure.gravatar.com\/avatar\/ac492be787adb42c61844fd432eeab1e?s=96&d=mm&r=g","contentUrl":"https:\/\/secure.gravatar.com\/avatar\/ac492be787adb42c61844fd432eeab1e?s=96&d=mm&r=g","caption":"Ajuntament"}}]}},"_links":{"self":[{"href":"https:\/\/ajuntamentbenissano.es\/es\/wp-json\/wp\/v2\/posts\/3932"}],"collection":[{"href":"https:\/\/ajuntamentbenissano.es\/es\/wp-json\/wp\/v2\/posts"}],"about":[{"href":"https:\/\/ajuntamentbenissano.es\/es\/wp-json\/wp\/v2\/types\/post"}],"author":[{"embeddable":true,"href":"https:\/\/ajuntamentbenissano.es\/es\/wp-json\/wp\/v2\/users\/1"}],"replies":[{"embeddable":true,"href":"https:\/\/ajuntamentbenissano.es\/es\/wp-json\/wp\/v2\/comments?post=3932"}],"version-history":[{"count":0,"href":"https:\/\/ajuntamentbenissano.es\/es\/wp-json\/wp\/v2\/posts\/3932\/revisions"}],"wp:featuredmedia":[{"embeddable":true,"href":"https:\/\/ajuntamentbenissano.es\/es\/wp-json\/wp\/v2\/media\/3940"}],"wp:attachment":[{"href":"https:\/\/ajuntamentbenissano.es\/es\/wp-json\/wp\/v2\/media?parent=3932"}],"wp:term":[{"taxonomy":"category","embeddable":true,"href":"https:\/\/ajuntamentbenissano.es\/es\/wp-json\/wp\/v2\/categories?post=3932"},{"taxonomy":"post_tag","embeddable":true,"href":"https:\/\/ajuntamentbenissano.es\/es\/wp-json\/wp\/v2\/tags?post=3932"}],"curies":[{"name":"wp","href":"https:\/\/api.w.org\/{rel}","templated":true}]}}