{"id":3898,"date":"2020-10-05T18:59:45","date_gmt":"2020-10-05T16:59:45","guid":{"rendered":"https:\/\/www.ajuntamentbenissano.es\/?p=3898"},"modified":"2020-10-05T19:04:42","modified_gmt":"2020-10-05T17:04:42","slug":"campana-de-salud-publica-2020-de-la-diputacio-de-valencia","status":"publish","type":"post","link":"https:\/\/ajuntamentbenissano.es\/es\/actualidad\/campana-de-salud-publica-2020-de-la-diputacio-de-valencia\/","title":{"rendered":"Campa\u00f1a de Salud p\u00fablica 2020 de la Diputaci\u00f3 de Val\u00e8ncia"},"content":{"rendered":"<p>[vc_row css_animation=\u00bb\u00bb row_type=\u00bbrow\u00bb use_row_as_full_screen_section=\u00bbno\u00bb type=\u00bbfull_width\u00bb angled_section=\u00bbno\u00bb text_align=\u00bbleft\u00bb background_image_as_pattern=\u00bbwithout_pattern\u00bb][vc_column][vc_row_inner row_type=\u00bbrow\u00bb type=\u00bbfull_width\u00bb text_align=\u00bbleft\u00bb css_animation=\u00bb\u00bb][vc_column_inner][vc_column_text]<\/p>\n<h3 style=\"text-align: center;\">Campa\u00f1a de Salud P\u00fablica\u00a0del Ayuntamiento de Benissan\u00f3\u00a0en colaboraci\u00f3n con la Diputaci\u00f3 de Val\u00e8ncia<\/h3>\n<p>[\/vc_column_text][vc_column_text]Esta campa\u00f1a tiene por objeto desarrollar campa\u00f1as de prevenci\u00f3n y fomento de la salud que se realizan en Ayuntamientos de municipios de menos de diez mil habitantes y Entidades Locales de \u00e1mbito inferior al municipal de la provincia de Valencia con la finalidad de contribuir a la mejora de la salud p\u00fablica de sus habitantes. Los programas que integran estas campa\u00f1as son:[\/vc_column_text][vc_column_text]<\/p>\n<ul>\n<li>Desratizaci\u00f3n, desinsectaci\u00f3n y desinfecci\u00f3n en edificios municipales y alcantarillado.<\/li>\n<\/ul>\n<p>&nbsp;<\/p>\n<ul>\n<li>Control de vectores (moscas y mosquitos).<\/li>\n<\/ul>\n<p>[\/vc_column_text][\/vc_column_inner][\/vc_row_inner][\/vc_column][\/vc_row]<\/p>\n","protected":false},"excerpt":{"rendered":"<p>Esta campa\u00f1a tiene por objeto desarrollar campa\u00f1as de prevenci\u00f3n y fomento de la salud que se realizan en Ayuntamientos de municipios de menos de diez mil habitantes<\/p>\n","protected":false},"author":1,"featured_media":3899,"comment_status":"open","ping_status":"open","sticky":false,"template":"","format":"standard","meta":[],"categories":[38,41],"tags":[],"yoast_head":"<!-- This site is optimized with the Yoast SEO plugin v19.10 - https:\/\/yoast.com\/wordpress\/plugins\/seo\/ -->\n<title>Campa\u00f1a de Salud p\u00fablica 2020 de la Diputaci\u00f3 de Val\u00e8ncia - Ajuntament de Benissan\u00f3<\/title>\n<meta name=\"description\" content=\"Campa\u00f1a de Salud p\u00fablica 2020 de la Diputaci\u00f3 de Val\u00e8ncia - Actualidad - Ajuntament de Benissan\u00f3\" \/>\n<meta name=\"robots\" content=\"index, follow, max-snippet:-1, max-image-preview:large, max-video-preview:-1\" \/>\n<link rel=\"canonical\" href=\"https:\/\/ajuntamentbenissano.es\/es\/actualidad\/campana-de-salud-publica-2020-de-la-diputacio-de-valencia\/\" \/>\n<meta property=\"og:locale\" content=\"es_ES\" \/>\n<meta property=\"og:type\" content=\"article\" \/>\n<meta property=\"og:title\" content=\"Campa\u00f1a de Salud p\u00fablica 2020 de la Diputaci\u00f3 de Val\u00e8ncia - Ajuntament de Benissan\u00f3\" \/>\n<meta property=\"og:description\" content=\"Campa\u00f1a de Salud p\u00fablica 2020 de la Diputaci\u00f3 de Val\u00e8ncia - Actualidad - Ajuntament de Benissan\u00f3\" \/>\n<meta property=\"og:url\" content=\"https:\/\/ajuntamentbenissano.es\/es\/actualidad\/campana-de-salud-publica-2020-de-la-diputacio-de-valencia\/\" \/>\n<meta property=\"og:site_name\" content=\"Ajuntament de Benissan\u00f3\" \/>\n<meta property=\"article:published_time\" content=\"2020-10-05T16:59:45+00:00\" \/>\n<meta property=\"article:modified_time\" content=\"2020-10-05T17:04:42+00:00\" \/>\n<meta property=\"og:image\" content=\"https:\/\/ajuntamentbenissano.es\/wp-content\/uploads\/2020\/10\/campanya-salut-publica-2020_ftrd.jpg\" \/>\n\t<meta property=\"og:image:width\" content=\"600\" \/>\n\t<meta property=\"og:image:height\" content=\"446\" \/>\n\t<meta property=\"og:image:type\" content=\"image\/jpeg\" \/>\n<meta name=\"author\" content=\"Ajuntament\" \/>\n<meta name=\"twitter:card\" content=\"summary_large_image\" \/>\n<meta name=\"twitter:label1\" content=\"Escrito por\" \/>\n\t<meta name=\"twitter:data1\" content=\"Ajuntament\" \/>\n\t<meta name=\"twitter:label2\" content=\"Tiempo de lectura\" \/>\n\t<meta name=\"twitter:data2\" content=\"1 minuto\" \/>\n<script type=\"application\/ld+json\" class=\"yoast-schema-graph\">{\"@context\":\"https:\/\/schema.org\",\"@graph\":[{\"@type\":\"Article\",\"@id\":\"https:\/\/ajuntamentbenissano.es\/es\/actualidad\/campana-de-salud-publica-2020-de-la-diputacio-de-valencia\/#article\",\"isPartOf\":{\"@id\":\"https:\/\/ajuntamentbenissano.es\/es\/actualidad\/campana-de-salud-publica-2020-de-la-diputacio-de-valencia\/\"},\"author\":{\"name\":\"Ajuntament\",\"@id\":\"https:\/\/ajuntamentbenissano.es\/#\/schema\/person\/cd2544d7fbf829d6e72cf74719348454\"},\"headline\":\"Campa\u00f1a de Salud p\u00fablica 2020 de la Diputaci\u00f3 de Val\u00e8ncia\",\"datePublished\":\"2020-10-05T16:59:45+00:00\",\"dateModified\":\"2020-10-05T17:04:42+00:00\",\"mainEntityOfPage\":{\"@id\":\"https:\/\/ajuntamentbenissano.es\/es\/actualidad\/campana-de-salud-publica-2020-de-la-diputacio-de-valencia\/\"},\"wordCount\":193,\"commentCount\":0,\"publisher\":{\"@id\":\"https:\/\/ajuntamentbenissano.es\/#organization\"},\"articleSection\":[\"Actualidad\",\"Bando municipal\"],\"inLanguage\":\"es\",\"potentialAction\":[{\"@type\":\"CommentAction\",\"name\":\"Comment\",\"target\":[\"https:\/\/ajuntamentbenissano.es\/es\/actualidad\/campana-de-salud-publica-2020-de-la-diputacio-de-valencia\/#respond\"]}]},{\"@type\":\"WebPage\",\"@id\":\"https:\/\/ajuntamentbenissano.es\/es\/actualidad\/campana-de-salud-publica-2020-de-la-diputacio-de-valencia\/\",\"url\":\"https:\/\/ajuntamentbenissano.es\/es\/actualidad\/campana-de-salud-publica-2020-de-la-diputacio-de-valencia\/\",\"name\":\"Campa\u00f1a de Salud p\u00fablica 2020 de la Diputaci\u00f3 de Val\u00e8ncia - Ajuntament de Benissan\u00f3\",\"isPartOf\":{\"@id\":\"https:\/\/ajuntamentbenissano.es\/#website\"},\"datePublished\":\"2020-10-05T16:59:45+00:00\",\"dateModified\":\"2020-10-05T17:04:42+00:00\",\"description\":\"Campa\u00f1a de Salud p\u00fablica 2020 de la Diputaci\u00f3 de Val\u00e8ncia - Actualidad - Ajuntament de Benissan\u00f3\",\"breadcrumb\":{\"@id\":\"https:\/\/ajuntamentbenissano.es\/es\/actualidad\/campana-de-salud-publica-2020-de-la-diputacio-de-valencia\/#breadcrumb\"},\"inLanguage\":\"es\",\"potentialAction\":[{\"@type\":\"ReadAction\",\"target\":[\"https:\/\/ajuntamentbenissano.es\/es\/actualidad\/campana-de-salud-publica-2020-de-la-diputacio-de-valencia\/\"]}]},{\"@type\":\"BreadcrumbList\",\"@id\":\"https:\/\/ajuntamentbenissano.es\/es\/actualidad\/campana-de-salud-publica-2020-de-la-diputacio-de-valencia\/#breadcrumb\",\"itemListElement\":[{\"@type\":\"ListItem\",\"position\":1,\"name\":\"Portada\",\"item\":\"https:\/\/ajuntamentbenissano.es\/es\/\"},{\"@type\":\"ListItem\",\"position\":2,\"name\":\"Campa\u00f1a de Salud p\u00fablica 2020 de la Diputaci\u00f3 de Val\u00e8ncia\"}]},{\"@type\":\"WebSite\",\"@id\":\"https:\/\/ajuntamentbenissano.es\/#website\",\"url\":\"https:\/\/ajuntamentbenissano.es\/\",\"name\":\"Ajuntament de Benissan\u00f3\",\"description\":\"Benissan\u00f3, un poble amb hist\u00f2ria\",\"publisher\":{\"@id\":\"https:\/\/ajuntamentbenissano.es\/#organization\"},\"potentialAction\":[{\"@type\":\"SearchAction\",\"target\":{\"@type\":\"EntryPoint\",\"urlTemplate\":\"https:\/\/ajuntamentbenissano.es\/?s={search_term_string}\"},\"query-input\":\"required name=search_term_string\"}],\"inLanguage\":\"es\"},{\"@type\":\"Organization\",\"@id\":\"https:\/\/ajuntamentbenissano.es\/#organization\",\"name\":\"Ajuntament de Benissan\u00f3\",\"url\":\"https:\/\/ajuntamentbenissano.es\/\",\"logo\":{\"@type\":\"ImageObject\",\"inLanguage\":\"es\",\"@id\":\"https:\/\/ajuntamentbenissano.es\/#\/schema\/logo\/image\/\",\"url\":\"https:\/\/ajuntamentbenissano.ayuntamientobenisano.es\/wp-content\/uploads\/2019\/03\/Ajuntament-benissano-st.png\",\"contentUrl\":\"https:\/\/ajuntamentbenissano.ayuntamientobenisano.es\/wp-content\/uploads\/2019\/03\/Ajuntament-benissano-st.png\",\"width\":218,\"height\":90,\"caption\":\"Ajuntament de Benissan\u00f3\"},\"image\":{\"@id\":\"https:\/\/ajuntamentbenissano.es\/#\/schema\/logo\/image\/\"}},{\"@type\":\"Person\",\"@id\":\"https:\/\/ajuntamentbenissano.es\/#\/schema\/person\/cd2544d7fbf829d6e72cf74719348454\",\"name\":\"Ajuntament\",\"image\":{\"@type\":\"ImageObject\",\"inLanguage\":\"es\",\"@id\":\"https:\/\/ajuntamentbenissano.es\/#\/schema\/person\/image\/\",\"url\":\"https:\/\/secure.gravatar.com\/avatar\/ac492be787adb42c61844fd432eeab1e?s=96&d=mm&r=g\",\"contentUrl\":\"https:\/\/secure.gravatar.com\/avatar\/ac492be787adb42c61844fd432eeab1e?s=96&d=mm&r=g\",\"caption\":\"Ajuntament\"}}]}<\/script>\n<!-- \/ Yoast SEO plugin. -->","yoast_head_json":{"title":"Campa\u00f1a de Salud p\u00fablica 2020 de la Diputaci\u00f3 de Val\u00e8ncia - Ajuntament de Benissan\u00f3","description":"Campa\u00f1a de Salud p\u00fablica 2020 de la Diputaci\u00f3 de Val\u00e8ncia - Actualidad - Ajuntament de Benissan\u00f3","robots":{"index":"index","follow":"follow","max-snippet":"max-snippet:-1","max-image-preview":"max-image-preview:large","max-video-preview":"max-video-preview:-1"},"canonical":"https:\/\/ajuntamentbenissano.es\/es\/actualidad\/campana-de-salud-publica-2020-de-la-diputacio-de-valencia\/","og_locale":"es_ES","og_type":"article","og_title":"Campa\u00f1a de Salud p\u00fablica 2020 de la Diputaci\u00f3 de Val\u00e8ncia - Ajuntament de Benissan\u00f3","og_description":"Campa\u00f1a de Salud p\u00fablica 2020 de la Diputaci\u00f3 de Val\u00e8ncia - Actualidad - Ajuntament de Benissan\u00f3","og_url":"https:\/\/ajuntamentbenissano.es\/es\/actualidad\/campana-de-salud-publica-2020-de-la-diputacio-de-valencia\/","og_site_name":"Ajuntament de Benissan\u00f3","article_published_time":"2020-10-05T16:59:45+00:00","article_modified_time":"2020-10-05T17:04:42+00:00","og_image":[{"width":600,"height":446,"url":"https:\/\/ajuntamentbenissano.es\/wp-content\/uploads\/2020\/10\/campanya-salut-publica-2020_ftrd.jpg","type":"image\/jpeg"}],"author":"Ajuntament","twitter_card":"summary_large_image","twitter_misc":{"Escrito por":"Ajuntament","Tiempo de lectura":"1 minuto"},"schema":{"@context":"https:\/\/schema.org","@graph":[{"@type":"Article","@id":"https:\/\/ajuntamentbenissano.es\/es\/actualidad\/campana-de-salud-publica-2020-de-la-diputacio-de-valencia\/#article","isPartOf":{"@id":"https:\/\/ajuntamentbenissano.es\/es\/actualidad\/campana-de-salud-publica-2020-de-la-diputacio-de-valencia\/"},"author":{"name":"Ajuntament","@id":"https:\/\/ajuntamentbenissano.es\/#\/schema\/person\/cd2544d7fbf829d6e72cf74719348454"},"headline":"Campa\u00f1a de Salud p\u00fablica 2020 de la Diputaci\u00f3 de Val\u00e8ncia","datePublished":"2020-10-05T16:59:45+00:00","dateModified":"2020-10-05T17:04:42+00:00","mainEntityOfPage":{"@id":"https:\/\/ajuntamentbenissano.es\/es\/actualidad\/campana-de-salud-publica-2020-de-la-diputacio-de-valencia\/"},"wordCount":193,"commentCount":0,"publisher":{"@id":"https:\/\/ajuntamentbenissano.es\/#organization"},"articleSection":["Actualidad","Bando municipal"],"inLanguage":"es","potentialAction":[{"@type":"CommentAction","name":"Comment","target":["https:\/\/ajuntamentbenissano.es\/es\/actualidad\/campana-de-salud-publica-2020-de-la-diputacio-de-valencia\/#respond"]}]},{"@type":"WebPage","@id":"https:\/\/ajuntamentbenissano.es\/es\/actualidad\/campana-de-salud-publica-2020-de-la-diputacio-de-valencia\/","url":"https:\/\/ajuntamentbenissano.es\/es\/actualidad\/campana-de-salud-publica-2020-de-la-diputacio-de-valencia\/","name":"Campa\u00f1a de Salud p\u00fablica 2020 de la Diputaci\u00f3 de Val\u00e8ncia - Ajuntament de Benissan\u00f3","isPartOf":{"@id":"https:\/\/ajuntamentbenissano.es\/#website"},"datePublished":"2020-10-05T16:59:45+00:00","dateModified":"2020-10-05T17:04:42+00:00","description":"Campa\u00f1a de Salud p\u00fablica 2020 de la Diputaci\u00f3 de Val\u00e8ncia - Actualidad - Ajuntament de Benissan\u00f3","breadcrumb":{"@id":"https:\/\/ajuntamentbenissano.es\/es\/actualidad\/campana-de-salud-publica-2020-de-la-diputacio-de-valencia\/#breadcrumb"},"inLanguage":"es","potentialAction":[{"@type":"ReadAction","target":["https:\/\/ajuntamentbenissano.es\/es\/actualidad\/campana-de-salud-publica-2020-de-la-diputacio-de-valencia\/"]}]},{"@type":"BreadcrumbList","@id":"https:\/\/ajuntamentbenissano.es\/es\/actualidad\/campana-de-salud-publica-2020-de-la-diputacio-de-valencia\/#breadcrumb","itemListElement":[{"@type":"ListItem","position":1,"name":"Portada","item":"https:\/\/ajuntamentbenissano.es\/es\/"},{"@type":"ListItem","position":2,"name":"Campa\u00f1a de Salud p\u00fablica 2020 de la Diputaci\u00f3 de Val\u00e8ncia"}]},{"@type":"WebSite","@id":"https:\/\/ajuntamentbenissano.es\/#website","url":"https:\/\/ajuntamentbenissano.es\/","name":"Ajuntament de Benissan\u00f3","description":"Benissan\u00f3, un poble amb hist\u00f2ria","publisher":{"@id":"https:\/\/ajuntamentbenissano.es\/#organization"},"potentialAction":[{"@type":"SearchAction","target":{"@type":"EntryPoint","urlTemplate":"https:\/\/ajuntamentbenissano.es\/?s={search_term_string}"},"query-input":"required name=search_term_string"}],"inLanguage":"es"},{"@type":"Organization","@id":"https:\/\/ajuntamentbenissano.es\/#organization","name":"Ajuntament de Benissan\u00f3","url":"https:\/\/ajuntamentbenissano.es\/","logo":{"@type":"ImageObject","inLanguage":"es","@id":"https:\/\/ajuntamentbenissano.es\/#\/schema\/logo\/image\/","url":"https:\/\/ajuntamentbenissano.ayuntamientobenisano.es\/wp-content\/uploads\/2019\/03\/Ajuntament-benissano-st.png","contentUrl":"https:\/\/ajuntamentbenissano.ayuntamientobenisano.es\/wp-content\/uploads\/2019\/03\/Ajuntament-benissano-st.png","width":218,"height":90,"caption":"Ajuntament de Benissan\u00f3"},"image":{"@id":"https:\/\/ajuntamentbenissano.es\/#\/schema\/logo\/image\/"}},{"@type":"Person","@id":"https:\/\/ajuntamentbenissano.es\/#\/schema\/person\/cd2544d7fbf829d6e72cf74719348454","name":"Ajuntament","image":{"@type":"ImageObject","inLanguage":"es","@id":"https:\/\/ajuntamentbenissano.es\/#\/schema\/person\/image\/","url":"https:\/\/secure.gravatar.com\/avatar\/ac492be787adb42c61844fd432eeab1e?s=96&d=mm&r=g","contentUrl":"https:\/\/secure.gravatar.com\/avatar\/ac492be787adb42c61844fd432eeab1e?s=96&d=mm&r=g","caption":"Ajuntament"}}]}},"_links":{"self":[{"href":"https:\/\/ajuntamentbenissano.es\/es\/wp-json\/wp\/v2\/posts\/3898"}],"collection":[{"href":"https:\/\/ajuntamentbenissano.es\/es\/wp-json\/wp\/v2\/posts"}],"about":[{"href":"https:\/\/ajuntamentbenissano.es\/es\/wp-json\/wp\/v2\/types\/post"}],"author":[{"embeddable":true,"href":"https:\/\/ajuntamentbenissano.es\/es\/wp-json\/wp\/v2\/users\/1"}],"replies":[{"embeddable":true,"href":"https:\/\/ajuntamentbenissano.es\/es\/wp-json\/wp\/v2\/comments?post=3898"}],"version-history":[{"count":0,"href":"https:\/\/ajuntamentbenissano.es\/es\/wp-json\/wp\/v2\/posts\/3898\/revisions"}],"wp:featuredmedia":[{"embeddable":true,"href":"https:\/\/ajuntamentbenissano.es\/es\/wp-json\/wp\/v2\/media\/3899"}],"wp:attachment":[{"href":"https:\/\/ajuntamentbenissano.es\/es\/wp-json\/wp\/v2\/media?parent=3898"}],"wp:term":[{"taxonomy":"category","embeddable":true,"href":"https:\/\/ajuntamentbenissano.es\/es\/wp-json\/wp\/v2\/categories?post=3898"},{"taxonomy":"post_tag","embeddable":true,"href":"https:\/\/ajuntamentbenissano.es\/es\/wp-json\/wp\/v2\/tags?post=3898"}],"curies":[{"name":"wp","href":"https:\/\/api.w.org\/{rel}","templated":true}]}}