{"id":3398,"date":"2019-12-20T01:03:03","date_gmt":"2019-12-20T00:03:03","guid":{"rendered":"https:\/\/www.ajuntamentbenissano.es\/?p=3398"},"modified":"2019-12-20T01:05:48","modified_gmt":"2019-12-20T00:05:48","slug":"el-ivace-subvenciona-un-punto-de-recarga-electrica-para-vehiculos","status":"publish","type":"post","link":"https:\/\/ajuntamentbenissano.es\/es\/noticias\/el-ivace-subvenciona-un-punto-de-recarga-electrica-para-vehiculos\/","title":{"rendered":"El IVACE subvenciona un punto de recarga el\u00e9ctrica para veh\u00edculos"},"content":{"rendered":"<p class=\"p2\">La Conseller\u00eda de Econom\u00eda Sostenible, Sectores Productivos, Comercio y Trabajo, a trav\u00e9s del IVACE, subvencionar\u00e1 este a\u00f1o la implantaci\u00f3n de un total de 225 puntos de recarga para veh\u00edculos el\u00e9ctricos con una inversi\u00f3n total de 1,47 millones de euros, dentro del Plan de Impulso del Veh\u00edculo El\u00e9ctrico elaborado por Ivace Energ\u00eda. (8-8-2019)<\/p>\n<p class=\"p2\">Estos 225 puntos estar\u00e1n distribuidos en 103 estaciones de recarga, la gran mayor\u00eda de ellas de uso p\u00fablico que evitar\u00e1n la emisi\u00f3n a la atm\u00f3sfera de 3.794,6 toneladas de CO2 al a\u00f1o y permitir\u00e1n anualmente un ahorro de 1,6 millones de litros de combustible.<\/p>\n<p class=\"p2\">De la totalidad de los puntos subvencionados, 138 corresponden a proyectos presentados por parte de los ayuntamientos, que recibir\u00e1n una ayuda del 80% del coste de los proyectos. En el caso de las empresas, para las cuales la subvenci\u00f3n prevista es del 40% del coste, se apoyar\u00e1 la instalaci\u00f3n de 87 puntos de recarga.<\/p>\n<p class=\"p2\">As\u00ed, en la provincia de Val\u00e8ncia recibir\u00e1n ayudas Albaida, Benissan\u00f3, l&#8217;Olleria, Vilamarxant, Albuixech, Atzeneta d&#8217;Albaida, Bellreguard, B\u00e9tera, Carcaixent, la Pobla del Duc, Mislata, Montaverner y Torrent.<\/p>\n<p class=\"p2\">Del total de los puntos de recarga que IVACE subvencionar\u00e1, un total de 57 son de recarga r\u00e1pida, que tardan 20 minutos en una recarga completa y 168 son semir\u00e1pidas, que necesitan alrededor de dos horas para la recarga.<\/p>\n","protected":false},"excerpt":{"rendered":"<p>El IVACE subvenciona un punto de recarga el\u00e9ctrica r\u00e1pida doble para veh\u00edculos en Benissan\u00f3<\/p>\n","protected":false},"author":1,"featured_media":3402,"comment_status":"open","ping_status":"open","sticky":false,"template":"","format":"standard","meta":[],"categories":[1],"tags":[],"yoast_head":"<!-- This site is optimized with the Yoast SEO plugin v19.10 - https:\/\/yoast.com\/wordpress\/plugins\/seo\/ -->\n<title>El IVACE subvenciona un punto de recarga el\u00e9ctrica para veh\u00edculos - Ajuntament de Benissan\u00f3<\/title>\n<meta name=\"description\" content=\"El IVACE subvenciona un punto de recarga el\u00e9ctrica para veh\u00edculos - Ajuntament de Benissan\u00f3\" \/>\n<meta name=\"robots\" content=\"index, follow, max-snippet:-1, max-image-preview:large, max-video-preview:-1\" \/>\n<link rel=\"canonical\" href=\"https:\/\/ajuntamentbenissano.es\/es\/noticias\/el-ivace-subvenciona-un-punto-de-recarga-electrica-para-vehiculos\/\" \/>\n<meta property=\"og:locale\" content=\"es_ES\" \/>\n<meta property=\"og:type\" content=\"article\" \/>\n<meta property=\"og:title\" content=\"El IVACE subvenciona un punto de recarga el\u00e9ctrica para veh\u00edculos - Ajuntament de Benissan\u00f3\" \/>\n<meta property=\"og:description\" content=\"El IVACE subvenciona un punto de recarga el\u00e9ctrica para veh\u00edculos - Ajuntament de Benissan\u00f3\" \/>\n<meta property=\"og:url\" content=\"https:\/\/ajuntamentbenissano.es\/es\/noticias\/el-ivace-subvenciona-un-punto-de-recarga-electrica-para-vehiculos\/\" \/>\n<meta property=\"og:site_name\" content=\"Ajuntament de Benissan\u00f3\" \/>\n<meta property=\"article:published_time\" content=\"2019-12-20T00:03:03+00:00\" \/>\n<meta property=\"article:modified_time\" content=\"2019-12-20T00:05:48+00:00\" \/>\n<meta property=\"og:image\" content=\"https:\/\/ajuntamentbenissano.es\/wp-content\/uploads\/2019\/12\/punto-carga-vehiculos-electricos-prtd.jpg\" \/>\n\t<meta property=\"og:image:width\" content=\"600\" \/>\n\t<meta property=\"og:image:height\" content=\"446\" \/>\n\t<meta property=\"og:image:type\" content=\"image\/jpeg\" \/>\n<meta name=\"author\" content=\"Ajuntament\" \/>\n<meta name=\"twitter:card\" content=\"summary_large_image\" \/>\n<meta name=\"twitter:label1\" content=\"Escrito por\" \/>\n\t<meta name=\"twitter:data1\" content=\"Ajuntament\" \/>\n\t<meta name=\"twitter:label2\" content=\"Tiempo de lectura\" \/>\n\t<meta name=\"twitter:data2\" content=\"1 minuto\" \/>\n<script type=\"application\/ld+json\" class=\"yoast-schema-graph\">{\"@context\":\"https:\/\/schema.org\",\"@graph\":[{\"@type\":\"Article\",\"@id\":\"https:\/\/ajuntamentbenissano.es\/es\/noticias\/el-ivace-subvenciona-un-punto-de-recarga-electrica-para-vehiculos\/#article\",\"isPartOf\":{\"@id\":\"https:\/\/ajuntamentbenissano.es\/es\/noticias\/el-ivace-subvenciona-un-punto-de-recarga-electrica-para-vehiculos\/\"},\"author\":{\"name\":\"Ajuntament\",\"@id\":\"https:\/\/ajuntamentbenissano.es\/#\/schema\/person\/cd2544d7fbf829d6e72cf74719348454\"},\"headline\":\"El IVACE subvenciona un punto de recarga el\u00e9ctrica para veh\u00edculos\",\"datePublished\":\"2019-12-20T00:03:03+00:00\",\"dateModified\":\"2019-12-20T00:05:48+00:00\",\"mainEntityOfPage\":{\"@id\":\"https:\/\/ajuntamentbenissano.es\/es\/noticias\/el-ivace-subvenciona-un-punto-de-recarga-electrica-para-vehiculos\/\"},\"wordCount\":242,\"commentCount\":0,\"publisher\":{\"@id\":\"https:\/\/ajuntamentbenissano.es\/#organization\"},\"articleSection\":[\"Noticias\"],\"inLanguage\":\"es\",\"potentialAction\":[{\"@type\":\"CommentAction\",\"name\":\"Comment\",\"target\":[\"https:\/\/ajuntamentbenissano.es\/es\/noticias\/el-ivace-subvenciona-un-punto-de-recarga-electrica-para-vehiculos\/#respond\"]}]},{\"@type\":\"WebPage\",\"@id\":\"https:\/\/ajuntamentbenissano.es\/es\/noticias\/el-ivace-subvenciona-un-punto-de-recarga-electrica-para-vehiculos\/\",\"url\":\"https:\/\/ajuntamentbenissano.es\/es\/noticias\/el-ivace-subvenciona-un-punto-de-recarga-electrica-para-vehiculos\/\",\"name\":\"El IVACE subvenciona un punto de recarga el\u00e9ctrica para veh\u00edculos - Ajuntament de Benissan\u00f3\",\"isPartOf\":{\"@id\":\"https:\/\/ajuntamentbenissano.es\/#website\"},\"datePublished\":\"2019-12-20T00:03:03+00:00\",\"dateModified\":\"2019-12-20T00:05:48+00:00\",\"description\":\"El IVACE subvenciona un punto de recarga el\u00e9ctrica para veh\u00edculos - Ajuntament de Benissan\u00f3\",\"breadcrumb\":{\"@id\":\"https:\/\/ajuntamentbenissano.es\/es\/noticias\/el-ivace-subvenciona-un-punto-de-recarga-electrica-para-vehiculos\/#breadcrumb\"},\"inLanguage\":\"es\",\"potentialAction\":[{\"@type\":\"ReadAction\",\"target\":[\"https:\/\/ajuntamentbenissano.es\/es\/noticias\/el-ivace-subvenciona-un-punto-de-recarga-electrica-para-vehiculos\/\"]}]},{\"@type\":\"BreadcrumbList\",\"@id\":\"https:\/\/ajuntamentbenissano.es\/es\/noticias\/el-ivace-subvenciona-un-punto-de-recarga-electrica-para-vehiculos\/#breadcrumb\",\"itemListElement\":[{\"@type\":\"ListItem\",\"position\":1,\"name\":\"Portada\",\"item\":\"https:\/\/ajuntamentbenissano.es\/es\/\"},{\"@type\":\"ListItem\",\"position\":2,\"name\":\"El IVACE subvenciona un punto de recarga el\u00e9ctrica para veh\u00edculos\"}]},{\"@type\":\"WebSite\",\"@id\":\"https:\/\/ajuntamentbenissano.es\/#website\",\"url\":\"https:\/\/ajuntamentbenissano.es\/\",\"name\":\"Ajuntament de Benissan\u00f3\",\"description\":\"Benissan\u00f3, un poble amb hist\u00f2ria\",\"publisher\":{\"@id\":\"https:\/\/ajuntamentbenissano.es\/#organization\"},\"potentialAction\":[{\"@type\":\"SearchAction\",\"target\":{\"@type\":\"EntryPoint\",\"urlTemplate\":\"https:\/\/ajuntamentbenissano.es\/?s={search_term_string}\"},\"query-input\":\"required name=search_term_string\"}],\"inLanguage\":\"es\"},{\"@type\":\"Organization\",\"@id\":\"https:\/\/ajuntamentbenissano.es\/#organization\",\"name\":\"Ajuntament de Benissan\u00f3\",\"url\":\"https:\/\/ajuntamentbenissano.es\/\",\"logo\":{\"@type\":\"ImageObject\",\"inLanguage\":\"es\",\"@id\":\"https:\/\/ajuntamentbenissano.es\/#\/schema\/logo\/image\/\",\"url\":\"https:\/\/ajuntamentbenissano.ayuntamientobenisano.es\/wp-content\/uploads\/2019\/03\/Ajuntament-benissano-st.png\",\"contentUrl\":\"https:\/\/ajuntamentbenissano.ayuntamientobenisano.es\/wp-content\/uploads\/2019\/03\/Ajuntament-benissano-st.png\",\"width\":218,\"height\":90,\"caption\":\"Ajuntament de Benissan\u00f3\"},\"image\":{\"@id\":\"https:\/\/ajuntamentbenissano.es\/#\/schema\/logo\/image\/\"}},{\"@type\":\"Person\",\"@id\":\"https:\/\/ajuntamentbenissano.es\/#\/schema\/person\/cd2544d7fbf829d6e72cf74719348454\",\"name\":\"Ajuntament\",\"image\":{\"@type\":\"ImageObject\",\"inLanguage\":\"es\",\"@id\":\"https:\/\/ajuntamentbenissano.es\/#\/schema\/person\/image\/\",\"url\":\"https:\/\/secure.gravatar.com\/avatar\/ac492be787adb42c61844fd432eeab1e?s=96&d=mm&r=g\",\"contentUrl\":\"https:\/\/secure.gravatar.com\/avatar\/ac492be787adb42c61844fd432eeab1e?s=96&d=mm&r=g\",\"caption\":\"Ajuntament\"}}]}<\/script>\n<!-- \/ Yoast SEO plugin. -->","yoast_head_json":{"title":"El IVACE subvenciona un punto de recarga el\u00e9ctrica para veh\u00edculos - Ajuntament de Benissan\u00f3","description":"El IVACE subvenciona un punto de recarga el\u00e9ctrica para veh\u00edculos - Ajuntament de Benissan\u00f3","robots":{"index":"index","follow":"follow","max-snippet":"max-snippet:-1","max-image-preview":"max-image-preview:large","max-video-preview":"max-video-preview:-1"},"canonical":"https:\/\/ajuntamentbenissano.es\/es\/noticias\/el-ivace-subvenciona-un-punto-de-recarga-electrica-para-vehiculos\/","og_locale":"es_ES","og_type":"article","og_title":"El IVACE subvenciona un punto de recarga el\u00e9ctrica para veh\u00edculos - Ajuntament de Benissan\u00f3","og_description":"El IVACE subvenciona un punto de recarga el\u00e9ctrica para veh\u00edculos - Ajuntament de Benissan\u00f3","og_url":"https:\/\/ajuntamentbenissano.es\/es\/noticias\/el-ivace-subvenciona-un-punto-de-recarga-electrica-para-vehiculos\/","og_site_name":"Ajuntament de Benissan\u00f3","article_published_time":"2019-12-20T00:03:03+00:00","article_modified_time":"2019-12-20T00:05:48+00:00","og_image":[{"width":600,"height":446,"url":"https:\/\/ajuntamentbenissano.es\/wp-content\/uploads\/2019\/12\/punto-carga-vehiculos-electricos-prtd.jpg","type":"image\/jpeg"}],"author":"Ajuntament","twitter_card":"summary_large_image","twitter_misc":{"Escrito por":"Ajuntament","Tiempo de lectura":"1 minuto"},"schema":{"@context":"https:\/\/schema.org","@graph":[{"@type":"Article","@id":"https:\/\/ajuntamentbenissano.es\/es\/noticias\/el-ivace-subvenciona-un-punto-de-recarga-electrica-para-vehiculos\/#article","isPartOf":{"@id":"https:\/\/ajuntamentbenissano.es\/es\/noticias\/el-ivace-subvenciona-un-punto-de-recarga-electrica-para-vehiculos\/"},"author":{"name":"Ajuntament","@id":"https:\/\/ajuntamentbenissano.es\/#\/schema\/person\/cd2544d7fbf829d6e72cf74719348454"},"headline":"El IVACE subvenciona un punto de recarga el\u00e9ctrica para veh\u00edculos","datePublished":"2019-12-20T00:03:03+00:00","dateModified":"2019-12-20T00:05:48+00:00","mainEntityOfPage":{"@id":"https:\/\/ajuntamentbenissano.es\/es\/noticias\/el-ivace-subvenciona-un-punto-de-recarga-electrica-para-vehiculos\/"},"wordCount":242,"commentCount":0,"publisher":{"@id":"https:\/\/ajuntamentbenissano.es\/#organization"},"articleSection":["Noticias"],"inLanguage":"es","potentialAction":[{"@type":"CommentAction","name":"Comment","target":["https:\/\/ajuntamentbenissano.es\/es\/noticias\/el-ivace-subvenciona-un-punto-de-recarga-electrica-para-vehiculos\/#respond"]}]},{"@type":"WebPage","@id":"https:\/\/ajuntamentbenissano.es\/es\/noticias\/el-ivace-subvenciona-un-punto-de-recarga-electrica-para-vehiculos\/","url":"https:\/\/ajuntamentbenissano.es\/es\/noticias\/el-ivace-subvenciona-un-punto-de-recarga-electrica-para-vehiculos\/","name":"El IVACE subvenciona un punto de recarga el\u00e9ctrica para veh\u00edculos - Ajuntament de Benissan\u00f3","isPartOf":{"@id":"https:\/\/ajuntamentbenissano.es\/#website"},"datePublished":"2019-12-20T00:03:03+00:00","dateModified":"2019-12-20T00:05:48+00:00","description":"El IVACE subvenciona un punto de recarga el\u00e9ctrica para veh\u00edculos - Ajuntament de Benissan\u00f3","breadcrumb":{"@id":"https:\/\/ajuntamentbenissano.es\/es\/noticias\/el-ivace-subvenciona-un-punto-de-recarga-electrica-para-vehiculos\/#breadcrumb"},"inLanguage":"es","potentialAction":[{"@type":"ReadAction","target":["https:\/\/ajuntamentbenissano.es\/es\/noticias\/el-ivace-subvenciona-un-punto-de-recarga-electrica-para-vehiculos\/"]}]},{"@type":"BreadcrumbList","@id":"https:\/\/ajuntamentbenissano.es\/es\/noticias\/el-ivace-subvenciona-un-punto-de-recarga-electrica-para-vehiculos\/#breadcrumb","itemListElement":[{"@type":"ListItem","position":1,"name":"Portada","item":"https:\/\/ajuntamentbenissano.es\/es\/"},{"@type":"ListItem","position":2,"name":"El IVACE subvenciona un punto de recarga el\u00e9ctrica para veh\u00edculos"}]},{"@type":"WebSite","@id":"https:\/\/ajuntamentbenissano.es\/#website","url":"https:\/\/ajuntamentbenissano.es\/","name":"Ajuntament de Benissan\u00f3","description":"Benissan\u00f3, un poble amb hist\u00f2ria","publisher":{"@id":"https:\/\/ajuntamentbenissano.es\/#organization"},"potentialAction":[{"@type":"SearchAction","target":{"@type":"EntryPoint","urlTemplate":"https:\/\/ajuntamentbenissano.es\/?s={search_term_string}"},"query-input":"required name=search_term_string"}],"inLanguage":"es"},{"@type":"Organization","@id":"https:\/\/ajuntamentbenissano.es\/#organization","name":"Ajuntament de Benissan\u00f3","url":"https:\/\/ajuntamentbenissano.es\/","logo":{"@type":"ImageObject","inLanguage":"es","@id":"https:\/\/ajuntamentbenissano.es\/#\/schema\/logo\/image\/","url":"https:\/\/ajuntamentbenissano.ayuntamientobenisano.es\/wp-content\/uploads\/2019\/03\/Ajuntament-benissano-st.png","contentUrl":"https:\/\/ajuntamentbenissano.ayuntamientobenisano.es\/wp-content\/uploads\/2019\/03\/Ajuntament-benissano-st.png","width":218,"height":90,"caption":"Ajuntament de Benissan\u00f3"},"image":{"@id":"https:\/\/ajuntamentbenissano.es\/#\/schema\/logo\/image\/"}},{"@type":"Person","@id":"https:\/\/ajuntamentbenissano.es\/#\/schema\/person\/cd2544d7fbf829d6e72cf74719348454","name":"Ajuntament","image":{"@type":"ImageObject","inLanguage":"es","@id":"https:\/\/ajuntamentbenissano.es\/#\/schema\/person\/image\/","url":"https:\/\/secure.gravatar.com\/avatar\/ac492be787adb42c61844fd432eeab1e?s=96&d=mm&r=g","contentUrl":"https:\/\/secure.gravatar.com\/avatar\/ac492be787adb42c61844fd432eeab1e?s=96&d=mm&r=g","caption":"Ajuntament"}}]}},"_links":{"self":[{"href":"https:\/\/ajuntamentbenissano.es\/es\/wp-json\/wp\/v2\/posts\/3398"}],"collection":[{"href":"https:\/\/ajuntamentbenissano.es\/es\/wp-json\/wp\/v2\/posts"}],"about":[{"href":"https:\/\/ajuntamentbenissano.es\/es\/wp-json\/wp\/v2\/types\/post"}],"author":[{"embeddable":true,"href":"https:\/\/ajuntamentbenissano.es\/es\/wp-json\/wp\/v2\/users\/1"}],"replies":[{"embeddable":true,"href":"https:\/\/ajuntamentbenissano.es\/es\/wp-json\/wp\/v2\/comments?post=3398"}],"version-history":[{"count":0,"href":"https:\/\/ajuntamentbenissano.es\/es\/wp-json\/wp\/v2\/posts\/3398\/revisions"}],"wp:featuredmedia":[{"embeddable":true,"href":"https:\/\/ajuntamentbenissano.es\/es\/wp-json\/wp\/v2\/media\/3402"}],"wp:attachment":[{"href":"https:\/\/ajuntamentbenissano.es\/es\/wp-json\/wp\/v2\/media?parent=3398"}],"wp:term":[{"taxonomy":"category","embeddable":true,"href":"https:\/\/ajuntamentbenissano.es\/es\/wp-json\/wp\/v2\/categories?post=3398"},{"taxonomy":"post_tag","embeddable":true,"href":"https:\/\/ajuntamentbenissano.es\/es\/wp-json\/wp\/v2\/tags?post=3398"}],"curies":[{"name":"wp","href":"https:\/\/api.w.org\/{rel}","templated":true}]}}