{"id":3338,"date":"2019-11-28T20:55:43","date_gmt":"2019-11-28T19:55:43","guid":{"rendered":"https:\/\/www.ajuntamentbenissano.es\/?p=3338"},"modified":"2019-11-29T00:02:59","modified_gmt":"2019-11-28T23:02:59","slug":"manipulacion-y-comercializacion-de-cebollas-patatas-y-calabazas","status":"publish","type":"post","link":"https:\/\/ajuntamentbenissano.es\/es\/actualidad\/manipulacion-y-comercializacion-de-cebollas-patatas-y-calabazas\/","title":{"rendered":"Manipulaci\u00f3n y comercializaci\u00f3n de cebollas, patatas y calabazas"},"content":{"rendered":"<p>[vc_row css_animation=\u00bb\u00bb row_type=\u00bbrow\u00bb use_row_as_full_screen_section=\u00bbno\u00bb type=\u00bbfull_width\u00bb angled_section=\u00bbno\u00bb text_align=\u00bbleft\u00bb background_image_as_pattern=\u00bbwithout_pattern\u00bb][vc_column][vc_column_text]<\/p>\n<h2>Plan de participaci\u00f3n p\u00fablica para la regularizaci\u00f3n de una industria destinada a la manipulaci\u00f3n y comercializaci\u00f3n de cebollas, patatas y calabazas.<\/h2>\n<p>[\/vc_column_text][vc_separator type=\u00bbtransparent\u00bb up=\u00bb20&#8243; down=\u00bb20&#8243;][\/vc_column][\/vc_row][vc_row css_animation=\u00bb\u00bb row_type=\u00bbrow\u00bb use_row_as_full_screen_section=\u00bbno\u00bb type=\u00bbfull_width\u00bb angled_section=\u00bbno\u00bb text_align=\u00bbleft\u00bb background_image_as_pattern=\u00bbwithout_pattern\u00bb][vc_column width=\u00bb1\/2&#8243;]<div class=\"qode-advanced-call-to-action qode-advanced-cta-gradient qode-advanced-cta-gradient-animation\" style=\"height:110pxpx\">\n\t<a class=\"advanced-cta-link\" href=\"https:\/\/ajuntamentbenissano.ayuntamientobenisano.es\/wp-content\/uploads\/2019\/11\/plan-de-participacion-publica.pdf\" target=\"_blank\"><\/a>\n\t<div class=\"qode-advanced-cta-content\">\t\t\n\t    <span class=\"qode-advanced-cta-text-holder\" style=\"font-weight:600\">\n\t\t    Descargar Plan de participaci\u00f3n publica\t    <\/span>\n\t    <span class=\"qode-advanced-cta-icon-holder\" style=\"color:#ffffff;font-size:30px;height:45px;width:45px\">\n\t\t    <span class=\"qode-advanced-cta-icon-holder-table\">\n\t\t    \t<span class=\"qode-advanced-cta-icon-holder-cell\" >\n\t\t\t    \t<i class=\"qode_icon_font_awesome fa fa-file-pdf-o qode-advanced-cta-icon\" ><\/i>\t\t\t    <\/span>\n\t\t    <\/span>\n\t\t    \t    <\/span>\n\t<\/div>\n\t\t\t<div class=\"qode-advanced-cta-background-holder\">\n\t\t\t<span class=\"qode-advanced-cta-background-1 qode-type1-gradient-left-to-right\"><\/span>\n\t\t\t<span class=\"qode-advanced-cta-background-2 qode-type1-gradient-left-to-right\"><\/span>\n\t\t\t<span class=\"qode-advanced-cta-background-3\"><\/span>\n\t\t<\/div>\n\t<\/div>[\/vc_column][vc_column width=\u00bb1\/2&#8243;]<div class=\"qode-advanced-call-to-action qode-advanced-cta-gradient qode-advanced-cta-gradient-animation\" style=\"height:110pxpx\">\n\t<a class=\"advanced-cta-link\" href=\"https:\/\/ajuntamentbenissano.ayuntamientobenisano.es\/wp-content\/uploads\/2019\/11\/publicacio-edicto-exposicion-plan-participacion-publica.pdf\" target=\"_blank\"><\/a>\n\t<div class=\"qode-advanced-cta-content\">\t\t\n\t    <span class=\"qode-advanced-cta-text-holder\" >\n\t\t    Descargar la Publicaci\u00f3n edicto exposici\u00f3n plan de participaci\u00f3n p\u00fablica\t    <\/span>\n\t    <span class=\"qode-advanced-cta-icon-holder\" style=\"height:45px;width:45px\">\n\t\t    <span class=\"qode-advanced-cta-icon-holder-table\">\n\t\t    \t<span class=\"qode-advanced-cta-icon-holder-cell\" >\n\t\t\t    \t<i class=\"qode_icon_font_awesome fa fa-file-pdf-o qode-advanced-cta-icon\" ><\/i>\t\t\t    <\/span>\n\t\t    <\/span>\n\t\t    \t    <\/span>\n\t<\/div>\n\t\t\t<div class=\"qode-advanced-cta-background-holder\">\n\t\t\t<span class=\"qode-advanced-cta-background-1 qode-type1-gradient-left-to-right\"><\/span>\n\t\t\t<span class=\"qode-advanced-cta-background-2 qode-type1-gradient-left-to-right\"><\/span>\n\t\t\t<span class=\"qode-advanced-cta-background-3\"><\/span>\n\t\t<\/div>\n\t<\/div>[\/vc_column][\/vc_row][vc_row css_animation=\u00bb\u00bb row_type=\u00bbrow\u00bb use_row_as_full_screen_section=\u00bbno\u00bb type=\u00bbfull_width\u00bb angled_section=\u00bbno\u00bb text_align=\u00bbleft\u00bb background_image_as_pattern=\u00bbwithout_pattern\u00bb][vc_column][vc_separator type=\u00bbtransparent\u00bb up=\u00bb20&#8243; down=\u00bb20&#8243;][\/vc_column][\/vc_row][vc_row css_animation=\u00bb\u00bb row_type=\u00bbrow\u00bb use_row_as_full_screen_section=\u00bbno\u00bb type=\u00bbfull_width\u00bb angled_section=\u00bbno\u00bb text_align=\u00bbleft\u00bb background_image_as_pattern=\u00bbwithout_pattern\u00bb][vc_column][vc_column_text]<\/p>\n<div class=\"page\" title=\"Page 4\">\n<div class=\"layoutArea\">\n<div class=\"column\">\n<ol>\n<li>\n<h3>FASES DE ELABORACI\u00d3N DEL INSTRUMENTO A QUE SE REFIERE EL PLAN<\/h3>\n<\/li>\n<\/ol>\n<p>El presente documento se redacta para cumplimentar el Plan de Participaci\u00f3n P\u00fablica referente al Estudio de Integraci\u00f3n Paisaj\u00edstica perteneciente a la <strong><em>regularizaci\u00f3n de una industria destinada a la manipulaci\u00f3n y comercializaci\u00f3n de cebollas, patatas y calabazas en suelo no urbanizable en el t\u00e9rmino municipal de Benissan\u00f3.<\/em><\/strong><\/p>\n<p>Seg\u00fan la Ley 1\/2019, de 5 de febrero, de la Generalitat, de modificaci\u00f3n de la Ley 5\/2014, de 25 de julio, de ordenaci\u00f3n del territorio, urbanismo y paisaje de la Comunitat Valenciana los Estudios de integraci\u00f3n paisaj\u00edstica deben contener un plan de participaci\u00f3n p\u00fablica. El plan de participaci\u00f3n publica es un documento que define y desarrolla la estrategia de participaci\u00f3n p\u00fablica y se incluye como un documento anexo en el Estudio de Integraci\u00f3n Paisaj\u00edstica, tiene como objetivo recoger los puntos de vista y las opiniones de los ciudadanos frente a la actuaci\u00f3n que se pretende realizar en el paisaje, teniendo en cuenta que cualquier actuaci\u00f3n puede crear discrepancias por diferentes criterios o intereses.<\/p>\n<p>Las principales fases que componen la elaboraci\u00f3n y aplicaci\u00f3n del estudio son las siguientes:<\/p>\n<ul>\n<li>Inicio del proceso comunicaci\u00f3n y difusi\u00f3n\n<ul>\n<li>Comunicaci\u00f3n del inicio del plan de participaci\u00f3n p\u00fablica a trav\u00e9s del tabl\u00f3n de anuncios del ayuntamiento.<\/li>\n<\/ul>\n<\/li>\n<li>Valoraci\u00f3n de opini\u00f3n P\u00fablica\n<ul>\n<li>Encuestas disponibles en el ayuntamiento del municipio en cuesti\u00f3n (oficina t\u00e9cnica).<\/li>\n<\/ul>\n<\/li>\n<li>Cierre de la fase de Participaci\u00f3n P\u00fablica y publicaci\u00f3n de las conclusiones<\/li>\n<li>Redacci\u00f3n del documento de Estudio de Integraci\u00f3n Paisaj\u00edstica.<\/li>\n<li>Exposici\u00f3n p\u00fablica del Estudio de Integraci\u00f3n Paisaj\u00edstica junto con el<\/li>\n<\/ul>\n<p>&nbsp;<\/p>\n<ol start=\"2\">\n<li>\n<h3>OBJETIVOS\u00a0\u00a0\u00a0\u00a0 DEL\u00a0\u00a0\u00a0 PROCESO\u00a0\u00a0\u00a0\u00a0 DE\u00a0\u00a0\u00a0\u00a0 PARTICIPACI\u00d3N\u00a0\u00a0\u00a0\u00a0 Y\u00a0\u00a0\u00a0 PROGRAMACI\u00d3N\u00a0\u00a0\u00a0\u00a0 DE ACTIVIDADES Y TRABAJOS<\/h3>\n<\/li>\n<\/ol>\n<p><strong>\u00a0<\/strong><\/p>\n<p>El Plan de Participaci\u00f3n Publica que se expone en el presente documento tiene por objeto:<\/p>\n<ol>\n<li>Hacer accesible la informaci\u00f3n relevante al Estudio de Integraci\u00f3n Paisaj\u00edstica.<\/li>\n<li>Informar del derecho a participar y de la forma en que se puede ejercer este<\/li>\n<li>Obtener datos de referencia de la poblaci\u00f3n e informaci\u00f3n \u00fatil del p\u00fablico<\/li>\n<li>Reconocer el derecho a formular observaciones y comentarios en aquellas fases iniciales del procedimiento en que est\u00e9n abiertas todas las<\/li>\n<li>Identificar los valores atribuidos al paisaje por los agentes sociales y las<\/li>\n<li>Justificar la opci\u00f3n adoptada y la forma en que se ha desarrollado el tr\u00e1mite de participaci\u00f3n.<\/li>\n<\/ol>\n<p>Con la finalidad de alcanzar los objetivos marcados se llevar\u00e1 a cabo el siguiente programa de actividades y trabajos los cuales m\u00e1s adelante son explicados con detenimiento:<\/p>\n<ol>\n<li>Publicaci\u00f3n de informaci\u00f3n<\/li>\n<li>Realizaci\u00f3n encuestas y<\/li>\n<li>Evaluaci\u00f3n de los resultados\n<ul>\n<li>Evaluaci\u00f3n de los resultados de las encuestas<\/li>\n<\/ul>\n<\/li>\n<li>Publicaci\u00f3n de los resultados<\/li>\n<li>Fin de periodo de realizaci\u00f3n de alegaciones y<\/li>\n<li>Evaluaci\u00f3n final de Plan de Participaci\u00f3n P\u00fablica<\/li>\n<\/ol>\n<p>&nbsp;<\/p>\n<ol start=\"3\">\n<li>\n<h3>METODOLOG\u00cdAS Y ACTIVIDADES A REALIZAR. PROGRAMA DE TRABAJO PARA ASEGURAR EL INTERCAMBIO DE INFORMACI\u00d3N Y<\/h3>\n<\/li>\n<\/ol>\n<ol>\n<li>\n<h4>Publicaci\u00f3n de informaci\u00f3n previa:<\/h4>\n<ul>\n<li>Plan de participaci\u00f3n p\u00fablica referente al Estudio de Integraci\u00f3n Paisaj\u00edstica.<\/li>\n<li>Publicaci\u00f3n en tabl\u00f3n de anuncios del<\/li>\n<\/ul>\n<\/li>\n<\/ol>\n<p>&nbsp;<\/p>\n<ol start=\"2\">\n<li>\n<h4>Alegaciones y Sugerencias<\/h4>\n<\/li>\n<\/ol>\n<p>Desde que se inicie esta fase y durante un periodo de 20 d\u00edas, el p\u00fablico interesado podr\u00e1 ejercer su derecho a formular alegaciones y observaciones sobre el proceso de Estudio de Integraci\u00f3n Paisaj\u00edstica que se lleva a cabo.<\/p>\n<p>&nbsp;<\/p>\n<ol start=\"3\">\n<li>\n<h4>Evaluaci\u00f3n de los<\/h4>\n<p>resultados<\/li>\n<\/ol>\n<ul>\n<li>Evaluaci\u00f3n de los resultados de las encuestas\n<ul>\n<li>Tras la realizaci\u00f3n de las encuestas se evaluar\u00e1n las opiniones recogidas y se resaltar\u00e1n aquellos puntos que puedan resultar de especial inter\u00e9s para el desarrollo del Estudio de Integraci\u00f3n Paisaj\u00edstica.<\/li>\n<\/ul>\n<\/li>\n<\/ul>\n<ul>\n<li>Evaluaci\u00f3n de la primera fase de alegaciones y sugerencias\n<ul>\n<li>En esta fase se analizar\u00e1n las alegaciones, sugerencias o recomendaciones que se hayan formulado por parte del p\u00fablico interesado a trav\u00e9s de los medios disponibles para ello y que han sido anteriormente enunciados. Estas opiniones ser\u00e1n tenidas en cuenta durante el proceso de elaboraci\u00f3n del Estudio de Integraci\u00f3n Paisaj\u00edstica. Adem\u00e1s se redactar\u00e1n las respuestas que informen de los motivos y consideraciones en los que se basa la decisi\u00f3n adoptada tras el an\u00e1lisis de las mismas.<\/li>\n<\/ul>\n<\/li>\n<\/ul>\n<ol start=\"4\">\n<li>\n<h4>Evaluaci\u00f3n final del Plan de Participaci\u00f3n P\u00fablica<\/h4>\n<\/li>\n<\/ol>\n<p>Se redactar\u00e1 un documento final en el que se recoja cual ha sido el desarrollo del Plan de Participaci\u00f3n P\u00fablica, indicando en caso de considerarse necesario, si se ha producido alg\u00fan cambio respecto a la programaci\u00f3n inicialmentepresentada.<\/p>\n<p>Este documento recoger\u00e1 el total de alegaciones presentadas por parte del p\u00fablico as\u00ed como las respuestas correspondientes a cada una de ellas.<\/p>\n<p>Tambi\u00e9n estar\u00e1n recogidos en este documento los resultados de las encuestas realizadas y las conclusiones obtenidas.<\/p>\n<p>Un \u00faltimo apartado explicar\u00e1 cuales son las condiciones finales que se hayan obtenido y que tendr\u00e1n en cuenta durante la elaboraci\u00f3n del Estudio de Integraci\u00f3n Paisaj\u00edstica. Se recoger\u00e1 cuales han sido los motivos y consideraciones en los que se haya basado la decisi\u00f3n adoptada.<\/p>\n<\/div>\n<\/div>\n<\/div>\n<p>[\/vc_column_text][\/vc_column][\/vc_row]<\/p>\n","protected":false},"excerpt":{"rendered":"<p>Plan de participaci\u00f3n p\u00fablica para la regularizaci\u00f3n de una industria destinada a la manipulaci\u00f3n y comercializaci\u00f3n de cebollas, patatas y calabazas<\/p>\n","protected":false},"author":1,"featured_media":3340,"comment_status":"open","ping_status":"open","sticky":false,"template":"","format":"standard","meta":[],"categories":[38,41],"tags":[],"yoast_head":"<!-- This site is optimized with the Yoast SEO plugin v19.10 - https:\/\/yoast.com\/wordpress\/plugins\/seo\/ -->\n<title>Manipulaci\u00f3n y comercializaci\u00f3n de cebollas, patatas y calabazas - Ajuntament de Benissan\u00f3<\/title>\n<meta name=\"description\" content=\"Manipulaci\u00f3n y comercializaci\u00f3n de cebollas, patatas y calabazas - Ajuntament de Benissan\u00f3\" \/>\n<meta name=\"robots\" content=\"index, follow, max-snippet:-1, max-image-preview:large, max-video-preview:-1\" \/>\n<link rel=\"canonical\" href=\"https:\/\/ajuntamentbenissano.es\/es\/actualidad\/manipulacion-y-comercializacion-de-cebollas-patatas-y-calabazas\/\" \/>\n<meta property=\"og:locale\" content=\"es_ES\" \/>\n<meta property=\"og:type\" content=\"article\" \/>\n<meta property=\"og:title\" content=\"Manipulaci\u00f3n y comercializaci\u00f3n de cebollas, patatas y calabazas - Ajuntament de Benissan\u00f3\" \/>\n<meta property=\"og:description\" content=\"Manipulaci\u00f3n y comercializaci\u00f3n de cebollas, patatas y calabazas - Ajuntament de Benissan\u00f3\" \/>\n<meta property=\"og:url\" content=\"https:\/\/ajuntamentbenissano.es\/es\/actualidad\/manipulacion-y-comercializacion-de-cebollas-patatas-y-calabazas\/\" \/>\n<meta property=\"og:site_name\" content=\"Ajuntament de Benissan\u00f3\" \/>\n<meta property=\"article:published_time\" content=\"2019-11-28T19:55:43+00:00\" \/>\n<meta property=\"article:modified_time\" content=\"2019-11-28T23:02:59+00:00\" \/>\n<meta property=\"og:image\" content=\"https:\/\/ajuntamentbenissano.es\/wp-content\/uploads\/2019\/11\/manipulacion-y-comercializacion-patatas-cebollas-calabazas.jpg\" \/>\n\t<meta property=\"og:image:width\" content=\"1200\" \/>\n\t<meta property=\"og:image:height\" content=\"891\" \/>\n\t<meta property=\"og:image:type\" content=\"image\/jpeg\" \/>\n<meta name=\"author\" content=\"Ajuntament\" \/>\n<meta name=\"twitter:card\" content=\"summary_large_image\" \/>\n<meta name=\"twitter:label1\" content=\"Escrito por\" \/>\n\t<meta name=\"twitter:data1\" content=\"Ajuntament\" \/>\n\t<meta name=\"twitter:label2\" content=\"Tiempo de lectura\" \/>\n\t<meta name=\"twitter:data2\" content=\"6 minutos\" \/>\n<script type=\"application\/ld+json\" class=\"yoast-schema-graph\">{\"@context\":\"https:\/\/schema.org\",\"@graph\":[{\"@type\":\"Article\",\"@id\":\"https:\/\/ajuntamentbenissano.es\/es\/actualidad\/manipulacion-y-comercializacion-de-cebollas-patatas-y-calabazas\/#article\",\"isPartOf\":{\"@id\":\"https:\/\/ajuntamentbenissano.es\/es\/actualidad\/manipulacion-y-comercializacion-de-cebollas-patatas-y-calabazas\/\"},\"author\":{\"name\":\"Ajuntament\",\"@id\":\"https:\/\/ajuntamentbenissano.es\/#\/schema\/person\/cd2544d7fbf829d6e72cf74719348454\"},\"headline\":\"Manipulaci\u00f3n y comercializaci\u00f3n de cebollas, patatas y calabazas\",\"datePublished\":\"2019-11-28T19:55:43+00:00\",\"dateModified\":\"2019-11-28T23:02:59+00:00\",\"mainEntityOfPage\":{\"@id\":\"https:\/\/ajuntamentbenissano.es\/es\/actualidad\/manipulacion-y-comercializacion-de-cebollas-patatas-y-calabazas\/\"},\"wordCount\":1158,\"commentCount\":0,\"publisher\":{\"@id\":\"https:\/\/ajuntamentbenissano.es\/#organization\"},\"articleSection\":[\"Actualidad\",\"Bando municipal\"],\"inLanguage\":\"es\",\"potentialAction\":[{\"@type\":\"CommentAction\",\"name\":\"Comment\",\"target\":[\"https:\/\/ajuntamentbenissano.es\/es\/actualidad\/manipulacion-y-comercializacion-de-cebollas-patatas-y-calabazas\/#respond\"]}]},{\"@type\":\"WebPage\",\"@id\":\"https:\/\/ajuntamentbenissano.es\/es\/actualidad\/manipulacion-y-comercializacion-de-cebollas-patatas-y-calabazas\/\",\"url\":\"https:\/\/ajuntamentbenissano.es\/es\/actualidad\/manipulacion-y-comercializacion-de-cebollas-patatas-y-calabazas\/\",\"name\":\"Manipulaci\u00f3n y comercializaci\u00f3n de cebollas, patatas y calabazas - Ajuntament de Benissan\u00f3\",\"isPartOf\":{\"@id\":\"https:\/\/ajuntamentbenissano.es\/#website\"},\"datePublished\":\"2019-11-28T19:55:43+00:00\",\"dateModified\":\"2019-11-28T23:02:59+00:00\",\"description\":\"Manipulaci\u00f3n y comercializaci\u00f3n de cebollas, patatas y calabazas - Ajuntament de Benissan\u00f3\",\"breadcrumb\":{\"@id\":\"https:\/\/ajuntamentbenissano.es\/es\/actualidad\/manipulacion-y-comercializacion-de-cebollas-patatas-y-calabazas\/#breadcrumb\"},\"inLanguage\":\"es\",\"potentialAction\":[{\"@type\":\"ReadAction\",\"target\":[\"https:\/\/ajuntamentbenissano.es\/es\/actualidad\/manipulacion-y-comercializacion-de-cebollas-patatas-y-calabazas\/\"]}]},{\"@type\":\"BreadcrumbList\",\"@id\":\"https:\/\/ajuntamentbenissano.es\/es\/actualidad\/manipulacion-y-comercializacion-de-cebollas-patatas-y-calabazas\/#breadcrumb\",\"itemListElement\":[{\"@type\":\"ListItem\",\"position\":1,\"name\":\"Portada\",\"item\":\"https:\/\/ajuntamentbenissano.es\/es\/\"},{\"@type\":\"ListItem\",\"position\":2,\"name\":\"Manipulaci\u00f3n y comercializaci\u00f3n de cebollas, patatas y calabazas\"}]},{\"@type\":\"WebSite\",\"@id\":\"https:\/\/ajuntamentbenissano.es\/#website\",\"url\":\"https:\/\/ajuntamentbenissano.es\/\",\"name\":\"Ajuntament de Benissan\u00f3\",\"description\":\"Benissan\u00f3, un poble amb hist\u00f2ria\",\"publisher\":{\"@id\":\"https:\/\/ajuntamentbenissano.es\/#organization\"},\"potentialAction\":[{\"@type\":\"SearchAction\",\"target\":{\"@type\":\"EntryPoint\",\"urlTemplate\":\"https:\/\/ajuntamentbenissano.es\/?s={search_term_string}\"},\"query-input\":\"required name=search_term_string\"}],\"inLanguage\":\"es\"},{\"@type\":\"Organization\",\"@id\":\"https:\/\/ajuntamentbenissano.es\/#organization\",\"name\":\"Ajuntament de Benissan\u00f3\",\"url\":\"https:\/\/ajuntamentbenissano.es\/\",\"logo\":{\"@type\":\"ImageObject\",\"inLanguage\":\"es\",\"@id\":\"https:\/\/ajuntamentbenissano.es\/#\/schema\/logo\/image\/\",\"url\":\"https:\/\/ajuntamentbenissano.ayuntamientobenisano.es\/wp-content\/uploads\/2019\/03\/Ajuntament-benissano-st.png\",\"contentUrl\":\"https:\/\/ajuntamentbenissano.ayuntamientobenisano.es\/wp-content\/uploads\/2019\/03\/Ajuntament-benissano-st.png\",\"width\":218,\"height\":90,\"caption\":\"Ajuntament de Benissan\u00f3\"},\"image\":{\"@id\":\"https:\/\/ajuntamentbenissano.es\/#\/schema\/logo\/image\/\"}},{\"@type\":\"Person\",\"@id\":\"https:\/\/ajuntamentbenissano.es\/#\/schema\/person\/cd2544d7fbf829d6e72cf74719348454\",\"name\":\"Ajuntament\",\"image\":{\"@type\":\"ImageObject\",\"inLanguage\":\"es\",\"@id\":\"https:\/\/ajuntamentbenissano.es\/#\/schema\/person\/image\/\",\"url\":\"https:\/\/secure.gravatar.com\/avatar\/ac492be787adb42c61844fd432eeab1e?s=96&d=mm&r=g\",\"contentUrl\":\"https:\/\/secure.gravatar.com\/avatar\/ac492be787adb42c61844fd432eeab1e?s=96&d=mm&r=g\",\"caption\":\"Ajuntament\"}}]}<\/script>\n<!-- \/ Yoast SEO plugin. -->","yoast_head_json":{"title":"Manipulaci\u00f3n y comercializaci\u00f3n de cebollas, patatas y calabazas - Ajuntament de Benissan\u00f3","description":"Manipulaci\u00f3n y comercializaci\u00f3n de cebollas, patatas y calabazas - Ajuntament de Benissan\u00f3","robots":{"index":"index","follow":"follow","max-snippet":"max-snippet:-1","max-image-preview":"max-image-preview:large","max-video-preview":"max-video-preview:-1"},"canonical":"https:\/\/ajuntamentbenissano.es\/es\/actualidad\/manipulacion-y-comercializacion-de-cebollas-patatas-y-calabazas\/","og_locale":"es_ES","og_type":"article","og_title":"Manipulaci\u00f3n y comercializaci\u00f3n de cebollas, patatas y calabazas - Ajuntament de Benissan\u00f3","og_description":"Manipulaci\u00f3n y comercializaci\u00f3n de cebollas, patatas y calabazas - Ajuntament de Benissan\u00f3","og_url":"https:\/\/ajuntamentbenissano.es\/es\/actualidad\/manipulacion-y-comercializacion-de-cebollas-patatas-y-calabazas\/","og_site_name":"Ajuntament de Benissan\u00f3","article_published_time":"2019-11-28T19:55:43+00:00","article_modified_time":"2019-11-28T23:02:59+00:00","og_image":[{"width":1200,"height":891,"url":"https:\/\/ajuntamentbenissano.es\/wp-content\/uploads\/2019\/11\/manipulacion-y-comercializacion-patatas-cebollas-calabazas.jpg","type":"image\/jpeg"}],"author":"Ajuntament","twitter_card":"summary_large_image","twitter_misc":{"Escrito por":"Ajuntament","Tiempo de lectura":"6 minutos"},"schema":{"@context":"https:\/\/schema.org","@graph":[{"@type":"Article","@id":"https:\/\/ajuntamentbenissano.es\/es\/actualidad\/manipulacion-y-comercializacion-de-cebollas-patatas-y-calabazas\/#article","isPartOf":{"@id":"https:\/\/ajuntamentbenissano.es\/es\/actualidad\/manipulacion-y-comercializacion-de-cebollas-patatas-y-calabazas\/"},"author":{"name":"Ajuntament","@id":"https:\/\/ajuntamentbenissano.es\/#\/schema\/person\/cd2544d7fbf829d6e72cf74719348454"},"headline":"Manipulaci\u00f3n y comercializaci\u00f3n de cebollas, patatas y calabazas","datePublished":"2019-11-28T19:55:43+00:00","dateModified":"2019-11-28T23:02:59+00:00","mainEntityOfPage":{"@id":"https:\/\/ajuntamentbenissano.es\/es\/actualidad\/manipulacion-y-comercializacion-de-cebollas-patatas-y-calabazas\/"},"wordCount":1158,"commentCount":0,"publisher":{"@id":"https:\/\/ajuntamentbenissano.es\/#organization"},"articleSection":["Actualidad","Bando municipal"],"inLanguage":"es","potentialAction":[{"@type":"CommentAction","name":"Comment","target":["https:\/\/ajuntamentbenissano.es\/es\/actualidad\/manipulacion-y-comercializacion-de-cebollas-patatas-y-calabazas\/#respond"]}]},{"@type":"WebPage","@id":"https:\/\/ajuntamentbenissano.es\/es\/actualidad\/manipulacion-y-comercializacion-de-cebollas-patatas-y-calabazas\/","url":"https:\/\/ajuntamentbenissano.es\/es\/actualidad\/manipulacion-y-comercializacion-de-cebollas-patatas-y-calabazas\/","name":"Manipulaci\u00f3n y comercializaci\u00f3n de cebollas, patatas y calabazas - Ajuntament de Benissan\u00f3","isPartOf":{"@id":"https:\/\/ajuntamentbenissano.es\/#website"},"datePublished":"2019-11-28T19:55:43+00:00","dateModified":"2019-11-28T23:02:59+00:00","description":"Manipulaci\u00f3n y comercializaci\u00f3n de cebollas, patatas y calabazas - Ajuntament de Benissan\u00f3","breadcrumb":{"@id":"https:\/\/ajuntamentbenissano.es\/es\/actualidad\/manipulacion-y-comercializacion-de-cebollas-patatas-y-calabazas\/#breadcrumb"},"inLanguage":"es","potentialAction":[{"@type":"ReadAction","target":["https:\/\/ajuntamentbenissano.es\/es\/actualidad\/manipulacion-y-comercializacion-de-cebollas-patatas-y-calabazas\/"]}]},{"@type":"BreadcrumbList","@id":"https:\/\/ajuntamentbenissano.es\/es\/actualidad\/manipulacion-y-comercializacion-de-cebollas-patatas-y-calabazas\/#breadcrumb","itemListElement":[{"@type":"ListItem","position":1,"name":"Portada","item":"https:\/\/ajuntamentbenissano.es\/es\/"},{"@type":"ListItem","position":2,"name":"Manipulaci\u00f3n y comercializaci\u00f3n de cebollas, patatas y calabazas"}]},{"@type":"WebSite","@id":"https:\/\/ajuntamentbenissano.es\/#website","url":"https:\/\/ajuntamentbenissano.es\/","name":"Ajuntament de Benissan\u00f3","description":"Benissan\u00f3, un poble amb hist\u00f2ria","publisher":{"@id":"https:\/\/ajuntamentbenissano.es\/#organization"},"potentialAction":[{"@type":"SearchAction","target":{"@type":"EntryPoint","urlTemplate":"https:\/\/ajuntamentbenissano.es\/?s={search_term_string}"},"query-input":"required name=search_term_string"}],"inLanguage":"es"},{"@type":"Organization","@id":"https:\/\/ajuntamentbenissano.es\/#organization","name":"Ajuntament de Benissan\u00f3","url":"https:\/\/ajuntamentbenissano.es\/","logo":{"@type":"ImageObject","inLanguage":"es","@id":"https:\/\/ajuntamentbenissano.es\/#\/schema\/logo\/image\/","url":"https:\/\/ajuntamentbenissano.ayuntamientobenisano.es\/wp-content\/uploads\/2019\/03\/Ajuntament-benissano-st.png","contentUrl":"https:\/\/ajuntamentbenissano.ayuntamientobenisano.es\/wp-content\/uploads\/2019\/03\/Ajuntament-benissano-st.png","width":218,"height":90,"caption":"Ajuntament de Benissan\u00f3"},"image":{"@id":"https:\/\/ajuntamentbenissano.es\/#\/schema\/logo\/image\/"}},{"@type":"Person","@id":"https:\/\/ajuntamentbenissano.es\/#\/schema\/person\/cd2544d7fbf829d6e72cf74719348454","name":"Ajuntament","image":{"@type":"ImageObject","inLanguage":"es","@id":"https:\/\/ajuntamentbenissano.es\/#\/schema\/person\/image\/","url":"https:\/\/secure.gravatar.com\/avatar\/ac492be787adb42c61844fd432eeab1e?s=96&d=mm&r=g","contentUrl":"https:\/\/secure.gravatar.com\/avatar\/ac492be787adb42c61844fd432eeab1e?s=96&d=mm&r=g","caption":"Ajuntament"}}]}},"_links":{"self":[{"href":"https:\/\/ajuntamentbenissano.es\/es\/wp-json\/wp\/v2\/posts\/3338"}],"collection":[{"href":"https:\/\/ajuntamentbenissano.es\/es\/wp-json\/wp\/v2\/posts"}],"about":[{"href":"https:\/\/ajuntamentbenissano.es\/es\/wp-json\/wp\/v2\/types\/post"}],"author":[{"embeddable":true,"href":"https:\/\/ajuntamentbenissano.es\/es\/wp-json\/wp\/v2\/users\/1"}],"replies":[{"embeddable":true,"href":"https:\/\/ajuntamentbenissano.es\/es\/wp-json\/wp\/v2\/comments?post=3338"}],"version-history":[{"count":0,"href":"https:\/\/ajuntamentbenissano.es\/es\/wp-json\/wp\/v2\/posts\/3338\/revisions"}],"wp:featuredmedia":[{"embeddable":true,"href":"https:\/\/ajuntamentbenissano.es\/es\/wp-json\/wp\/v2\/media\/3340"}],"wp:attachment":[{"href":"https:\/\/ajuntamentbenissano.es\/es\/wp-json\/wp\/v2\/media?parent=3338"}],"wp:term":[{"taxonomy":"category","embeddable":true,"href":"https:\/\/ajuntamentbenissano.es\/es\/wp-json\/wp\/v2\/categories?post=3338"},{"taxonomy":"post_tag","embeddable":true,"href":"https:\/\/ajuntamentbenissano.es\/es\/wp-json\/wp\/v2\/tags?post=3338"}],"curies":[{"name":"wp","href":"https:\/\/api.w.org\/{rel}","templated":true}]}}