{"id":273,"date":"2019-03-13T21:14:49","date_gmt":"2019-03-13T20:14:49","guid":{"rendered":"https:\/\/www.ajuntamentbenissano.es\/?p=273"},"modified":"2019-03-15T18:35:44","modified_gmt":"2019-03-15T17:35:44","slug":"premi-castell-de-benissano-a-la-junta-local-contra-el-cancer","status":"publish","type":"post","link":"https:\/\/ajuntamentbenissano.es\/es\/noticias\/premi-castell-de-benissano-a-la-junta-local-contra-el-cancer\/","title":{"rendered":"Premi Castell de Benissan\u00f3 a la Junta local contra el c\u00e0ncer"},"content":{"rendered":"\n<p>Premio Castell de Benissan\u00f3 en el \u00e1mbito local a la Junta local contra el c\u00e1ncer por su trabajo en la prevenci\u00f3n y la concienciaci\u00f3n en la lucha contra el c\u00e1ncer.<\/p>\n","protected":false},"excerpt":{"rendered":"<p>Premio Castell de Benissan\u00f3 a la Junta local contra el c\u00e0ncer<\/p>\n","protected":false},"author":1,"featured_media":508,"comment_status":"open","ping_status":"open","sticky":false,"template":"","format":"video","meta":[],"categories":[1],"tags":[],"yoast_head":"<!-- This site is optimized with the Yoast SEO plugin v19.10 - https:\/\/yoast.com\/wordpress\/plugins\/seo\/ -->\n<title>Premi Castell de Benissan\u00f3 a la Junta local contra el c\u00e0ncer - Ajuntament de Benissan\u00f3<\/title>\n<meta name=\"description\" content=\"Premi Castell de Benissan\u00f3 a la Junta local contra el c\u00e0ncer - Ajuntament de Benissan\u00f3\" \/>\n<meta name=\"robots\" content=\"index, follow, max-snippet:-1, max-image-preview:large, max-video-preview:-1\" \/>\n<link rel=\"canonical\" href=\"https:\/\/ajuntamentbenissano.es\/es\/noticias\/premi-castell-de-benissano-a-la-junta-local-contra-el-cancer\/\" \/>\n<meta property=\"og:locale\" content=\"es_ES\" \/>\n<meta property=\"og:type\" content=\"article\" \/>\n<meta property=\"og:title\" content=\"Premi Castell de Benissan\u00f3 a la Junta local contra el c\u00e0ncer - Ajuntament de Benissan\u00f3\" \/>\n<meta property=\"og:description\" content=\"Premi Castell de Benissan\u00f3 a la Junta local contra el c\u00e0ncer - Ajuntament de Benissan\u00f3\" \/>\n<meta property=\"og:url\" content=\"https:\/\/ajuntamentbenissano.es\/es\/noticias\/premi-castell-de-benissano-a-la-junta-local-contra-el-cancer\/\" \/>\n<meta property=\"og:site_name\" content=\"Ajuntament de Benissan\u00f3\" \/>\n<meta property=\"article:published_time\" content=\"2019-03-13T20:14:49+00:00\" \/>\n<meta property=\"article:modified_time\" content=\"2019-03-15T17:35:44+00:00\" \/>\n<meta property=\"og:image\" content=\"https:\/\/ajuntamentbenissano.es\/wp-content\/uploads\/2019\/03\/premio-castillo-de-benissano-a-la-Junta-local-contra-el-cancer.jpg\" \/>\n\t<meta property=\"og:image:width\" content=\"1280\" \/>\n\t<meta property=\"og:image:height\" content=\"720\" \/>\n\t<meta property=\"og:image:type\" content=\"image\/jpeg\" \/>\n<meta name=\"author\" content=\"Ajuntament\" \/>\n<meta name=\"twitter:card\" content=\"summary_large_image\" \/>\n<meta name=\"twitter:label1\" content=\"Escrito por\" \/>\n\t<meta name=\"twitter:data1\" content=\"Ajuntament\" \/>\n<script type=\"application\/ld+json\" class=\"yoast-schema-graph\">{\"@context\":\"https:\/\/schema.org\",\"@graph\":[{\"@type\":\"Article\",\"@id\":\"https:\/\/ajuntamentbenissano.es\/es\/noticias\/premi-castell-de-benissano-a-la-junta-local-contra-el-cancer\/#article\",\"isPartOf\":{\"@id\":\"https:\/\/ajuntamentbenissano.es\/es\/noticias\/premi-castell-de-benissano-a-la-junta-local-contra-el-cancer\/\"},\"author\":{\"name\":\"Ajuntament\",\"@id\":\"https:\/\/ajuntamentbenissano.es\/#\/schema\/person\/cd2544d7fbf829d6e72cf74719348454\"},\"headline\":\"Premi Castell de Benissan\u00f3 a la Junta local contra el c\u00e0ncer\",\"datePublished\":\"2019-03-13T20:14:49+00:00\",\"dateModified\":\"2019-03-15T17:35:44+00:00\",\"mainEntityOfPage\":{\"@id\":\"https:\/\/ajuntamentbenissano.es\/es\/noticias\/premi-castell-de-benissano-a-la-junta-local-contra-el-cancer\/\"},\"wordCount\":46,\"commentCount\":0,\"publisher\":{\"@id\":\"https:\/\/ajuntamentbenissano.es\/#organization\"},\"articleSection\":[\"Noticias\"],\"inLanguage\":\"es\",\"potentialAction\":[{\"@type\":\"CommentAction\",\"name\":\"Comment\",\"target\":[\"https:\/\/ajuntamentbenissano.es\/es\/noticias\/premi-castell-de-benissano-a-la-junta-local-contra-el-cancer\/#respond\"]}]},{\"@type\":\"WebPage\",\"@id\":\"https:\/\/ajuntamentbenissano.es\/es\/noticias\/premi-castell-de-benissano-a-la-junta-local-contra-el-cancer\/\",\"url\":\"https:\/\/ajuntamentbenissano.es\/es\/noticias\/premi-castell-de-benissano-a-la-junta-local-contra-el-cancer\/\",\"name\":\"Premi Castell de Benissan\u00f3 a la Junta local contra el c\u00e0ncer - Ajuntament de Benissan\u00f3\",\"isPartOf\":{\"@id\":\"https:\/\/ajuntamentbenissano.es\/#website\"},\"datePublished\":\"2019-03-13T20:14:49+00:00\",\"dateModified\":\"2019-03-15T17:35:44+00:00\",\"description\":\"Premi Castell de Benissan\u00f3 a la Junta local contra el c\u00e0ncer - Ajuntament de Benissan\u00f3\",\"breadcrumb\":{\"@id\":\"https:\/\/ajuntamentbenissano.es\/es\/noticias\/premi-castell-de-benissano-a-la-junta-local-contra-el-cancer\/#breadcrumb\"},\"inLanguage\":\"es\",\"potentialAction\":[{\"@type\":\"ReadAction\",\"target\":[\"https:\/\/ajuntamentbenissano.es\/es\/noticias\/premi-castell-de-benissano-a-la-junta-local-contra-el-cancer\/\"]}]},{\"@type\":\"BreadcrumbList\",\"@id\":\"https:\/\/ajuntamentbenissano.es\/es\/noticias\/premi-castell-de-benissano-a-la-junta-local-contra-el-cancer\/#breadcrumb\",\"itemListElement\":[{\"@type\":\"ListItem\",\"position\":1,\"name\":\"Portada\",\"item\":\"https:\/\/ajuntamentbenissano.es\/es\/\"},{\"@type\":\"ListItem\",\"position\":2,\"name\":\"Premi Castell de Benissan\u00f3 a la Junta local contra el c\u00e0ncer\"}]},{\"@type\":\"WebSite\",\"@id\":\"https:\/\/ajuntamentbenissano.es\/#website\",\"url\":\"https:\/\/ajuntamentbenissano.es\/\",\"name\":\"Ajuntament de Benissan\u00f3\",\"description\":\"Benissan\u00f3, un poble amb hist\u00f2ria\",\"publisher\":{\"@id\":\"https:\/\/ajuntamentbenissano.es\/#organization\"},\"potentialAction\":[{\"@type\":\"SearchAction\",\"target\":{\"@type\":\"EntryPoint\",\"urlTemplate\":\"https:\/\/ajuntamentbenissano.es\/?s={search_term_string}\"},\"query-input\":\"required name=search_term_string\"}],\"inLanguage\":\"es\"},{\"@type\":\"Organization\",\"@id\":\"https:\/\/ajuntamentbenissano.es\/#organization\",\"name\":\"Ajuntament de Benissan\u00f3\",\"url\":\"https:\/\/ajuntamentbenissano.es\/\",\"logo\":{\"@type\":\"ImageObject\",\"inLanguage\":\"es\",\"@id\":\"https:\/\/ajuntamentbenissano.es\/#\/schema\/logo\/image\/\",\"url\":\"https:\/\/ajuntamentbenissano.ayuntamientobenisano.es\/wp-content\/uploads\/2019\/03\/Ajuntament-benissano-st.png\",\"contentUrl\":\"https:\/\/ajuntamentbenissano.ayuntamientobenisano.es\/wp-content\/uploads\/2019\/03\/Ajuntament-benissano-st.png\",\"width\":218,\"height\":90,\"caption\":\"Ajuntament de Benissan\u00f3\"},\"image\":{\"@id\":\"https:\/\/ajuntamentbenissano.es\/#\/schema\/logo\/image\/\"}},{\"@type\":\"Person\",\"@id\":\"https:\/\/ajuntamentbenissano.es\/#\/schema\/person\/cd2544d7fbf829d6e72cf74719348454\",\"name\":\"Ajuntament\",\"image\":{\"@type\":\"ImageObject\",\"inLanguage\":\"es\",\"@id\":\"https:\/\/ajuntamentbenissano.es\/#\/schema\/person\/image\/\",\"url\":\"https:\/\/secure.gravatar.com\/avatar\/ac492be787adb42c61844fd432eeab1e?s=96&d=mm&r=g\",\"contentUrl\":\"https:\/\/secure.gravatar.com\/avatar\/ac492be787adb42c61844fd432eeab1e?s=96&d=mm&r=g\",\"caption\":\"Ajuntament\"}}]}<\/script>\n<!-- \/ Yoast SEO plugin. -->","yoast_head_json":{"title":"Premi Castell de Benissan\u00f3 a la Junta local contra el c\u00e0ncer - Ajuntament de Benissan\u00f3","description":"Premi Castell de Benissan\u00f3 a la Junta local contra el c\u00e0ncer - Ajuntament de Benissan\u00f3","robots":{"index":"index","follow":"follow","max-snippet":"max-snippet:-1","max-image-preview":"max-image-preview:large","max-video-preview":"max-video-preview:-1"},"canonical":"https:\/\/ajuntamentbenissano.es\/es\/noticias\/premi-castell-de-benissano-a-la-junta-local-contra-el-cancer\/","og_locale":"es_ES","og_type":"article","og_title":"Premi Castell de Benissan\u00f3 a la Junta local contra el c\u00e0ncer - Ajuntament de Benissan\u00f3","og_description":"Premi Castell de Benissan\u00f3 a la Junta local contra el c\u00e0ncer - Ajuntament de Benissan\u00f3","og_url":"https:\/\/ajuntamentbenissano.es\/es\/noticias\/premi-castell-de-benissano-a-la-junta-local-contra-el-cancer\/","og_site_name":"Ajuntament de Benissan\u00f3","article_published_time":"2019-03-13T20:14:49+00:00","article_modified_time":"2019-03-15T17:35:44+00:00","og_image":[{"width":1280,"height":720,"url":"https:\/\/ajuntamentbenissano.es\/wp-content\/uploads\/2019\/03\/premio-castillo-de-benissano-a-la-Junta-local-contra-el-cancer.jpg","type":"image\/jpeg"}],"author":"Ajuntament","twitter_card":"summary_large_image","twitter_misc":{"Escrito por":"Ajuntament"},"schema":{"@context":"https:\/\/schema.org","@graph":[{"@type":"Article","@id":"https:\/\/ajuntamentbenissano.es\/es\/noticias\/premi-castell-de-benissano-a-la-junta-local-contra-el-cancer\/#article","isPartOf":{"@id":"https:\/\/ajuntamentbenissano.es\/es\/noticias\/premi-castell-de-benissano-a-la-junta-local-contra-el-cancer\/"},"author":{"name":"Ajuntament","@id":"https:\/\/ajuntamentbenissano.es\/#\/schema\/person\/cd2544d7fbf829d6e72cf74719348454"},"headline":"Premi Castell de Benissan\u00f3 a la Junta local contra el c\u00e0ncer","datePublished":"2019-03-13T20:14:49+00:00","dateModified":"2019-03-15T17:35:44+00:00","mainEntityOfPage":{"@id":"https:\/\/ajuntamentbenissano.es\/es\/noticias\/premi-castell-de-benissano-a-la-junta-local-contra-el-cancer\/"},"wordCount":46,"commentCount":0,"publisher":{"@id":"https:\/\/ajuntamentbenissano.es\/#organization"},"articleSection":["Noticias"],"inLanguage":"es","potentialAction":[{"@type":"CommentAction","name":"Comment","target":["https:\/\/ajuntamentbenissano.es\/es\/noticias\/premi-castell-de-benissano-a-la-junta-local-contra-el-cancer\/#respond"]}]},{"@type":"WebPage","@id":"https:\/\/ajuntamentbenissano.es\/es\/noticias\/premi-castell-de-benissano-a-la-junta-local-contra-el-cancer\/","url":"https:\/\/ajuntamentbenissano.es\/es\/noticias\/premi-castell-de-benissano-a-la-junta-local-contra-el-cancer\/","name":"Premi Castell de Benissan\u00f3 a la Junta local contra el c\u00e0ncer - Ajuntament de Benissan\u00f3","isPartOf":{"@id":"https:\/\/ajuntamentbenissano.es\/#website"},"datePublished":"2019-03-13T20:14:49+00:00","dateModified":"2019-03-15T17:35:44+00:00","description":"Premi Castell de Benissan\u00f3 a la Junta local contra el c\u00e0ncer - Ajuntament de Benissan\u00f3","breadcrumb":{"@id":"https:\/\/ajuntamentbenissano.es\/es\/noticias\/premi-castell-de-benissano-a-la-junta-local-contra-el-cancer\/#breadcrumb"},"inLanguage":"es","potentialAction":[{"@type":"ReadAction","target":["https:\/\/ajuntamentbenissano.es\/es\/noticias\/premi-castell-de-benissano-a-la-junta-local-contra-el-cancer\/"]}]},{"@type":"BreadcrumbList","@id":"https:\/\/ajuntamentbenissano.es\/es\/noticias\/premi-castell-de-benissano-a-la-junta-local-contra-el-cancer\/#breadcrumb","itemListElement":[{"@type":"ListItem","position":1,"name":"Portada","item":"https:\/\/ajuntamentbenissano.es\/es\/"},{"@type":"ListItem","position":2,"name":"Premi Castell de Benissan\u00f3 a la Junta local contra el c\u00e0ncer"}]},{"@type":"WebSite","@id":"https:\/\/ajuntamentbenissano.es\/#website","url":"https:\/\/ajuntamentbenissano.es\/","name":"Ajuntament de Benissan\u00f3","description":"Benissan\u00f3, un poble amb hist\u00f2ria","publisher":{"@id":"https:\/\/ajuntamentbenissano.es\/#organization"},"potentialAction":[{"@type":"SearchAction","target":{"@type":"EntryPoint","urlTemplate":"https:\/\/ajuntamentbenissano.es\/?s={search_term_string}"},"query-input":"required name=search_term_string"}],"inLanguage":"es"},{"@type":"Organization","@id":"https:\/\/ajuntamentbenissano.es\/#organization","name":"Ajuntament de Benissan\u00f3","url":"https:\/\/ajuntamentbenissano.es\/","logo":{"@type":"ImageObject","inLanguage":"es","@id":"https:\/\/ajuntamentbenissano.es\/#\/schema\/logo\/image\/","url":"https:\/\/ajuntamentbenissano.ayuntamientobenisano.es\/wp-content\/uploads\/2019\/03\/Ajuntament-benissano-st.png","contentUrl":"https:\/\/ajuntamentbenissano.ayuntamientobenisano.es\/wp-content\/uploads\/2019\/03\/Ajuntament-benissano-st.png","width":218,"height":90,"caption":"Ajuntament de Benissan\u00f3"},"image":{"@id":"https:\/\/ajuntamentbenissano.es\/#\/schema\/logo\/image\/"}},{"@type":"Person","@id":"https:\/\/ajuntamentbenissano.es\/#\/schema\/person\/cd2544d7fbf829d6e72cf74719348454","name":"Ajuntament","image":{"@type":"ImageObject","inLanguage":"es","@id":"https:\/\/ajuntamentbenissano.es\/#\/schema\/person\/image\/","url":"https:\/\/secure.gravatar.com\/avatar\/ac492be787adb42c61844fd432eeab1e?s=96&d=mm&r=g","contentUrl":"https:\/\/secure.gravatar.com\/avatar\/ac492be787adb42c61844fd432eeab1e?s=96&d=mm&r=g","caption":"Ajuntament"}}]}},"_links":{"self":[{"href":"https:\/\/ajuntamentbenissano.es\/es\/wp-json\/wp\/v2\/posts\/273"}],"collection":[{"href":"https:\/\/ajuntamentbenissano.es\/es\/wp-json\/wp\/v2\/posts"}],"about":[{"href":"https:\/\/ajuntamentbenissano.es\/es\/wp-json\/wp\/v2\/types\/post"}],"author":[{"embeddable":true,"href":"https:\/\/ajuntamentbenissano.es\/es\/wp-json\/wp\/v2\/users\/1"}],"replies":[{"embeddable":true,"href":"https:\/\/ajuntamentbenissano.es\/es\/wp-json\/wp\/v2\/comments?post=273"}],"version-history":[{"count":0,"href":"https:\/\/ajuntamentbenissano.es\/es\/wp-json\/wp\/v2\/posts\/273\/revisions"}],"wp:featuredmedia":[{"embeddable":true,"href":"https:\/\/ajuntamentbenissano.es\/es\/wp-json\/wp\/v2\/media\/508"}],"wp:attachment":[{"href":"https:\/\/ajuntamentbenissano.es\/es\/wp-json\/wp\/v2\/media?parent=273"}],"wp:term":[{"taxonomy":"category","embeddable":true,"href":"https:\/\/ajuntamentbenissano.es\/es\/wp-json\/wp\/v2\/categories?post=273"},{"taxonomy":"post_tag","embeddable":true,"href":"https:\/\/ajuntamentbenissano.es\/es\/wp-json\/wp\/v2\/tags?post=273"}],"curies":[{"name":"wp","href":"https:\/\/api.w.org\/{rel}","templated":true}]}}