{"id":260,"date":"2018-03-28T19:15:42","date_gmt":"2018-03-28T17:15:42","guid":{"rendered":"https:\/\/www.ajuntamentbenissano.es\/?p=260"},"modified":"2019-04-18T09:24:46","modified_gmt":"2019-04-18T07:24:46","slug":"la-semana-de-la-mujer-reconoce-a-las-trabajadoras-de-la-fabrica-de-rios","status":"publish","type":"post","link":"https:\/\/ajuntamentbenissano.es\/es\/noticias\/la-semana-de-la-mujer-reconoce-a-las-trabajadoras-de-la-fabrica-de-rios\/","title":{"rendered":"La Semana de la Mujer reconoce a las trabajadoras de la F\u00e1brica de R\u00edos"},"content":{"rendered":"\n<p><strong>Las mujeres de Benissan\u00f3 recuerdan el trabajo\u00a0a la f\u00e1brica de Ll\u00edria<\/strong><\/p>\n\n\n\n<p>Dentro de los actos enmarcados en la Semana de la Mujer, el Centro Social de Benissan\u00f3 acogi\u00f3 el 7 de marzo en un acontecimiento entra\u00f1able y emotivo a todos los vecinos que acudieron al reconocimiento hecho a todas las mujeres de Benissan\u00f3 que trabajaron en la F\u00e1brica de R\u00edos por los a\u00f1os 50, 60 y 70 del siglo pasado.<\/p>\n\n\n\n<p>El acto, al cual asistieron muchas de aquellas mujeres que trabajaron en esta f\u00e1brica de Pla del Arco de Ll\u00edria, empez\u00f3 con una exposici\u00f3n de fotos que ilustraba la \u00e9poca en que aquellas mujeres de Benissan\u00f3 iban a trabajar a esta empresa dedicada a la elaboraci\u00f3n de sacos de yute y esparto, y sigui\u00f3 la proyecci\u00f3n de un v\u00eddeo con fotograf\u00edas y relatos relacionados con las experiencias y el d\u00eda a d\u00eda de aquellas mujeres trabajadoras, el listado de las cuales, apareci\u00f3 rotulado al final de la proyecci\u00f3n.<br><br>En su intervenci\u00f3n, la alcaldesa de Benissan\u00f3, Amparo Navarro, tuvo unas palabras de agradecimiento y de recuerdo hacia aquellas mujeres que empezaron a integrarse en un mundo laboral restringido, hasta entonces, a los hombres.<br><br>La primera edil record\u00f3 aquellas experiencias que sirvieron para unir relaciones, tanto de amistad como sentimentales que han perdurado hasta nuestros d\u00edas.<br><br>Amparo Navarro tambi\u00e9n tuvo palabras de agradecimiento y reconocimiento hacia Victoria Marco y Amparo Castellano, que han sido las dos mujeres que han tra\u00eddo adelante este proyecto, del cual se ha mostrado el primer cap\u00edtulo y del cual se tiene previsto hacer uno que sea m\u00e1s extenso y documentado en un futuro no demasiado lejano.<br><br>Las mujeres asistentes al acto que hab\u00edan trabajado en la f\u00e1brica de Ll\u00edria las que contaron sus an\u00e9cdotas y experiencias de aquellos a\u00f1os en que iban a trabajar a pie o en bicicleta a la F\u00e1brica de R\u00edos.<\/p>\n\n\n\n<p><\/p>\n","protected":false},"excerpt":{"rendered":"<p>el Centro Social de Benisan\u00f3 acogi\u00f3 el 7 de marzo en un acontecimiento entra\u00f1able y emotivo a todos los vecinos que acudieron al reconocimiento hecho a todas las mujeres de Benisan\u00f3 que trabajaron en la F\u00e1brica de R\u00edos por los a\u00f1os 50, 60 y 70 del siglo pasado.<\/p>\n","protected":false},"author":1,"featured_media":271,"comment_status":"open","ping_status":"open","sticky":false,"template":"","format":"standard","meta":[],"categories":[1],"tags":[],"yoast_head":"<!-- This site is optimized with the Yoast SEO plugin v19.10 - https:\/\/yoast.com\/wordpress\/plugins\/seo\/ -->\n<title>La Semana de la Mujer reconoce a las trabajadoras de la F\u00e1brica de R\u00edos - Ajuntament de Benissan\u00f3<\/title>\n<meta name=\"description\" content=\"La Semana de la Mujer reconoce a las trabajadoras de la F\u00e1brica de R\u00edos - Ajuntament de Benissan\u00f3\" \/>\n<meta name=\"robots\" content=\"index, follow, max-snippet:-1, max-image-preview:large, max-video-preview:-1\" \/>\n<link rel=\"canonical\" href=\"https:\/\/ajuntamentbenissano.es\/es\/noticias\/la-semana-de-la-mujer-reconoce-a-las-trabajadoras-de-la-fabrica-de-rios\/\" \/>\n<meta property=\"og:locale\" content=\"es_ES\" \/>\n<meta property=\"og:type\" content=\"article\" \/>\n<meta property=\"og:title\" content=\"La Semana de la Mujer reconoce a las trabajadoras de la F\u00e1brica de R\u00edos - Ajuntament de Benissan\u00f3\" \/>\n<meta property=\"og:description\" content=\"La Semana de la Mujer reconoce a las trabajadoras de la F\u00e1brica de R\u00edos - Ajuntament de Benissan\u00f3\" \/>\n<meta property=\"og:url\" content=\"https:\/\/ajuntamentbenissano.es\/es\/noticias\/la-semana-de-la-mujer-reconoce-a-las-trabajadoras-de-la-fabrica-de-rios\/\" \/>\n<meta property=\"og:site_name\" content=\"Ajuntament de Benissan\u00f3\" \/>\n<meta property=\"article:published_time\" content=\"2018-03-28T17:15:42+00:00\" \/>\n<meta property=\"article:modified_time\" content=\"2019-04-18T07:24:46+00:00\" \/>\n<meta property=\"og:image\" content=\"https:\/\/ajuntamentbenissano.es\/wp-content\/uploads\/2018\/03\/dones-fabrica-rios-benissano.jpg\" \/>\n\t<meta property=\"og:image:width\" content=\"800\" \/>\n\t<meta property=\"og:image:height\" content=\"594\" \/>\n\t<meta property=\"og:image:type\" content=\"image\/jpeg\" \/>\n<meta name=\"author\" content=\"Ajuntament\" \/>\n<meta name=\"twitter:card\" content=\"summary_large_image\" \/>\n<meta name=\"twitter:label1\" content=\"Escrito por\" \/>\n\t<meta name=\"twitter:data1\" content=\"Ajuntament\" \/>\n\t<meta name=\"twitter:label2\" content=\"Tiempo de lectura\" \/>\n\t<meta name=\"twitter:data2\" content=\"2 minutos\" \/>\n<script type=\"application\/ld+json\" class=\"yoast-schema-graph\">{\"@context\":\"https:\/\/schema.org\",\"@graph\":[{\"@type\":\"Article\",\"@id\":\"https:\/\/ajuntamentbenissano.es\/es\/noticias\/la-semana-de-la-mujer-reconoce-a-las-trabajadoras-de-la-fabrica-de-rios\/#article\",\"isPartOf\":{\"@id\":\"https:\/\/ajuntamentbenissano.es\/es\/noticias\/la-semana-de-la-mujer-reconoce-a-las-trabajadoras-de-la-fabrica-de-rios\/\"},\"author\":{\"name\":\"Ajuntament\",\"@id\":\"https:\/\/ajuntamentbenissano.es\/#\/schema\/person\/cd2544d7fbf829d6e72cf74719348454\"},\"headline\":\"La Semana de la Mujer reconoce a las trabajadoras de la F\u00e1brica de R\u00edos\",\"datePublished\":\"2018-03-28T17:15:42+00:00\",\"dateModified\":\"2019-04-18T07:24:46+00:00\",\"mainEntityOfPage\":{\"@id\":\"https:\/\/ajuntamentbenissano.es\/es\/noticias\/la-semana-de-la-mujer-reconoce-a-las-trabajadoras-de-la-fabrica-de-rios\/\"},\"wordCount\":349,\"commentCount\":0,\"publisher\":{\"@id\":\"https:\/\/ajuntamentbenissano.es\/#organization\"},\"articleSection\":[\"Noticias\"],\"inLanguage\":\"es\",\"potentialAction\":[{\"@type\":\"CommentAction\",\"name\":\"Comment\",\"target\":[\"https:\/\/ajuntamentbenissano.es\/es\/noticias\/la-semana-de-la-mujer-reconoce-a-las-trabajadoras-de-la-fabrica-de-rios\/#respond\"]}]},{\"@type\":\"WebPage\",\"@id\":\"https:\/\/ajuntamentbenissano.es\/es\/noticias\/la-semana-de-la-mujer-reconoce-a-las-trabajadoras-de-la-fabrica-de-rios\/\",\"url\":\"https:\/\/ajuntamentbenissano.es\/es\/noticias\/la-semana-de-la-mujer-reconoce-a-las-trabajadoras-de-la-fabrica-de-rios\/\",\"name\":\"La Semana de la Mujer reconoce a las trabajadoras de la F\u00e1brica de R\u00edos - Ajuntament de Benissan\u00f3\",\"isPartOf\":{\"@id\":\"https:\/\/ajuntamentbenissano.es\/#website\"},\"datePublished\":\"2018-03-28T17:15:42+00:00\",\"dateModified\":\"2019-04-18T07:24:46+00:00\",\"description\":\"La Semana de la Mujer reconoce a las trabajadoras de la F\u00e1brica de R\u00edos - Ajuntament de Benissan\u00f3\",\"breadcrumb\":{\"@id\":\"https:\/\/ajuntamentbenissano.es\/es\/noticias\/la-semana-de-la-mujer-reconoce-a-las-trabajadoras-de-la-fabrica-de-rios\/#breadcrumb\"},\"inLanguage\":\"es\",\"potentialAction\":[{\"@type\":\"ReadAction\",\"target\":[\"https:\/\/ajuntamentbenissano.es\/es\/noticias\/la-semana-de-la-mujer-reconoce-a-las-trabajadoras-de-la-fabrica-de-rios\/\"]}]},{\"@type\":\"BreadcrumbList\",\"@id\":\"https:\/\/ajuntamentbenissano.es\/es\/noticias\/la-semana-de-la-mujer-reconoce-a-las-trabajadoras-de-la-fabrica-de-rios\/#breadcrumb\",\"itemListElement\":[{\"@type\":\"ListItem\",\"position\":1,\"name\":\"Portada\",\"item\":\"https:\/\/ajuntamentbenissano.es\/es\/\"},{\"@type\":\"ListItem\",\"position\":2,\"name\":\"La Semana de la Mujer reconoce a las trabajadoras de la F\u00e1brica de R\u00edos\"}]},{\"@type\":\"WebSite\",\"@id\":\"https:\/\/ajuntamentbenissano.es\/#website\",\"url\":\"https:\/\/ajuntamentbenissano.es\/\",\"name\":\"Ajuntament de Benissan\u00f3\",\"description\":\"Benissan\u00f3, un poble amb hist\u00f2ria\",\"publisher\":{\"@id\":\"https:\/\/ajuntamentbenissano.es\/#organization\"},\"potentialAction\":[{\"@type\":\"SearchAction\",\"target\":{\"@type\":\"EntryPoint\",\"urlTemplate\":\"https:\/\/ajuntamentbenissano.es\/?s={search_term_string}\"},\"query-input\":\"required name=search_term_string\"}],\"inLanguage\":\"es\"},{\"@type\":\"Organization\",\"@id\":\"https:\/\/ajuntamentbenissano.es\/#organization\",\"name\":\"Ajuntament de Benissan\u00f3\",\"url\":\"https:\/\/ajuntamentbenissano.es\/\",\"logo\":{\"@type\":\"ImageObject\",\"inLanguage\":\"es\",\"@id\":\"https:\/\/ajuntamentbenissano.es\/#\/schema\/logo\/image\/\",\"url\":\"https:\/\/ajuntamentbenissano.ayuntamientobenisano.es\/wp-content\/uploads\/2019\/03\/Ajuntament-benissano-st.png\",\"contentUrl\":\"https:\/\/ajuntamentbenissano.ayuntamientobenisano.es\/wp-content\/uploads\/2019\/03\/Ajuntament-benissano-st.png\",\"width\":218,\"height\":90,\"caption\":\"Ajuntament de Benissan\u00f3\"},\"image\":{\"@id\":\"https:\/\/ajuntamentbenissano.es\/#\/schema\/logo\/image\/\"}},{\"@type\":\"Person\",\"@id\":\"https:\/\/ajuntamentbenissano.es\/#\/schema\/person\/cd2544d7fbf829d6e72cf74719348454\",\"name\":\"Ajuntament\",\"image\":{\"@type\":\"ImageObject\",\"inLanguage\":\"es\",\"@id\":\"https:\/\/ajuntamentbenissano.es\/#\/schema\/person\/image\/\",\"url\":\"https:\/\/secure.gravatar.com\/avatar\/ac492be787adb42c61844fd432eeab1e?s=96&d=mm&r=g\",\"contentUrl\":\"https:\/\/secure.gravatar.com\/avatar\/ac492be787adb42c61844fd432eeab1e?s=96&d=mm&r=g\",\"caption\":\"Ajuntament\"}}]}<\/script>\n<!-- \/ Yoast SEO plugin. -->","yoast_head_json":{"title":"La Semana de la Mujer reconoce a las trabajadoras de la F\u00e1brica de R\u00edos - Ajuntament de Benissan\u00f3","description":"La Semana de la Mujer reconoce a las trabajadoras de la F\u00e1brica de R\u00edos - Ajuntament de Benissan\u00f3","robots":{"index":"index","follow":"follow","max-snippet":"max-snippet:-1","max-image-preview":"max-image-preview:large","max-video-preview":"max-video-preview:-1"},"canonical":"https:\/\/ajuntamentbenissano.es\/es\/noticias\/la-semana-de-la-mujer-reconoce-a-las-trabajadoras-de-la-fabrica-de-rios\/","og_locale":"es_ES","og_type":"article","og_title":"La Semana de la Mujer reconoce a las trabajadoras de la F\u00e1brica de R\u00edos - Ajuntament de Benissan\u00f3","og_description":"La Semana de la Mujer reconoce a las trabajadoras de la F\u00e1brica de R\u00edos - Ajuntament de Benissan\u00f3","og_url":"https:\/\/ajuntamentbenissano.es\/es\/noticias\/la-semana-de-la-mujer-reconoce-a-las-trabajadoras-de-la-fabrica-de-rios\/","og_site_name":"Ajuntament de Benissan\u00f3","article_published_time":"2018-03-28T17:15:42+00:00","article_modified_time":"2019-04-18T07:24:46+00:00","og_image":[{"width":800,"height":594,"url":"https:\/\/ajuntamentbenissano.es\/wp-content\/uploads\/2018\/03\/dones-fabrica-rios-benissano.jpg","type":"image\/jpeg"}],"author":"Ajuntament","twitter_card":"summary_large_image","twitter_misc":{"Escrito por":"Ajuntament","Tiempo de lectura":"2 minutos"},"schema":{"@context":"https:\/\/schema.org","@graph":[{"@type":"Article","@id":"https:\/\/ajuntamentbenissano.es\/es\/noticias\/la-semana-de-la-mujer-reconoce-a-las-trabajadoras-de-la-fabrica-de-rios\/#article","isPartOf":{"@id":"https:\/\/ajuntamentbenissano.es\/es\/noticias\/la-semana-de-la-mujer-reconoce-a-las-trabajadoras-de-la-fabrica-de-rios\/"},"author":{"name":"Ajuntament","@id":"https:\/\/ajuntamentbenissano.es\/#\/schema\/person\/cd2544d7fbf829d6e72cf74719348454"},"headline":"La Semana de la Mujer reconoce a las trabajadoras de la F\u00e1brica de R\u00edos","datePublished":"2018-03-28T17:15:42+00:00","dateModified":"2019-04-18T07:24:46+00:00","mainEntityOfPage":{"@id":"https:\/\/ajuntamentbenissano.es\/es\/noticias\/la-semana-de-la-mujer-reconoce-a-las-trabajadoras-de-la-fabrica-de-rios\/"},"wordCount":349,"commentCount":0,"publisher":{"@id":"https:\/\/ajuntamentbenissano.es\/#organization"},"articleSection":["Noticias"],"inLanguage":"es","potentialAction":[{"@type":"CommentAction","name":"Comment","target":["https:\/\/ajuntamentbenissano.es\/es\/noticias\/la-semana-de-la-mujer-reconoce-a-las-trabajadoras-de-la-fabrica-de-rios\/#respond"]}]},{"@type":"WebPage","@id":"https:\/\/ajuntamentbenissano.es\/es\/noticias\/la-semana-de-la-mujer-reconoce-a-las-trabajadoras-de-la-fabrica-de-rios\/","url":"https:\/\/ajuntamentbenissano.es\/es\/noticias\/la-semana-de-la-mujer-reconoce-a-las-trabajadoras-de-la-fabrica-de-rios\/","name":"La Semana de la Mujer reconoce a las trabajadoras de la F\u00e1brica de R\u00edos - Ajuntament de Benissan\u00f3","isPartOf":{"@id":"https:\/\/ajuntamentbenissano.es\/#website"},"datePublished":"2018-03-28T17:15:42+00:00","dateModified":"2019-04-18T07:24:46+00:00","description":"La Semana de la Mujer reconoce a las trabajadoras de la F\u00e1brica de R\u00edos - Ajuntament de Benissan\u00f3","breadcrumb":{"@id":"https:\/\/ajuntamentbenissano.es\/es\/noticias\/la-semana-de-la-mujer-reconoce-a-las-trabajadoras-de-la-fabrica-de-rios\/#breadcrumb"},"inLanguage":"es","potentialAction":[{"@type":"ReadAction","target":["https:\/\/ajuntamentbenissano.es\/es\/noticias\/la-semana-de-la-mujer-reconoce-a-las-trabajadoras-de-la-fabrica-de-rios\/"]}]},{"@type":"BreadcrumbList","@id":"https:\/\/ajuntamentbenissano.es\/es\/noticias\/la-semana-de-la-mujer-reconoce-a-las-trabajadoras-de-la-fabrica-de-rios\/#breadcrumb","itemListElement":[{"@type":"ListItem","position":1,"name":"Portada","item":"https:\/\/ajuntamentbenissano.es\/es\/"},{"@type":"ListItem","position":2,"name":"La Semana de la Mujer reconoce a las trabajadoras de la F\u00e1brica de R\u00edos"}]},{"@type":"WebSite","@id":"https:\/\/ajuntamentbenissano.es\/#website","url":"https:\/\/ajuntamentbenissano.es\/","name":"Ajuntament de Benissan\u00f3","description":"Benissan\u00f3, un poble amb hist\u00f2ria","publisher":{"@id":"https:\/\/ajuntamentbenissano.es\/#organization"},"potentialAction":[{"@type":"SearchAction","target":{"@type":"EntryPoint","urlTemplate":"https:\/\/ajuntamentbenissano.es\/?s={search_term_string}"},"query-input":"required name=search_term_string"}],"inLanguage":"es"},{"@type":"Organization","@id":"https:\/\/ajuntamentbenissano.es\/#organization","name":"Ajuntament de Benissan\u00f3","url":"https:\/\/ajuntamentbenissano.es\/","logo":{"@type":"ImageObject","inLanguage":"es","@id":"https:\/\/ajuntamentbenissano.es\/#\/schema\/logo\/image\/","url":"https:\/\/ajuntamentbenissano.ayuntamientobenisano.es\/wp-content\/uploads\/2019\/03\/Ajuntament-benissano-st.png","contentUrl":"https:\/\/ajuntamentbenissano.ayuntamientobenisano.es\/wp-content\/uploads\/2019\/03\/Ajuntament-benissano-st.png","width":218,"height":90,"caption":"Ajuntament de Benissan\u00f3"},"image":{"@id":"https:\/\/ajuntamentbenissano.es\/#\/schema\/logo\/image\/"}},{"@type":"Person","@id":"https:\/\/ajuntamentbenissano.es\/#\/schema\/person\/cd2544d7fbf829d6e72cf74719348454","name":"Ajuntament","image":{"@type":"ImageObject","inLanguage":"es","@id":"https:\/\/ajuntamentbenissano.es\/#\/schema\/person\/image\/","url":"https:\/\/secure.gravatar.com\/avatar\/ac492be787adb42c61844fd432eeab1e?s=96&d=mm&r=g","contentUrl":"https:\/\/secure.gravatar.com\/avatar\/ac492be787adb42c61844fd432eeab1e?s=96&d=mm&r=g","caption":"Ajuntament"}}]}},"_links":{"self":[{"href":"https:\/\/ajuntamentbenissano.es\/es\/wp-json\/wp\/v2\/posts\/260"}],"collection":[{"href":"https:\/\/ajuntamentbenissano.es\/es\/wp-json\/wp\/v2\/posts"}],"about":[{"href":"https:\/\/ajuntamentbenissano.es\/es\/wp-json\/wp\/v2\/types\/post"}],"author":[{"embeddable":true,"href":"https:\/\/ajuntamentbenissano.es\/es\/wp-json\/wp\/v2\/users\/1"}],"replies":[{"embeddable":true,"href":"https:\/\/ajuntamentbenissano.es\/es\/wp-json\/wp\/v2\/comments?post=260"}],"version-history":[{"count":0,"href":"https:\/\/ajuntamentbenissano.es\/es\/wp-json\/wp\/v2\/posts\/260\/revisions"}],"wp:featuredmedia":[{"embeddable":true,"href":"https:\/\/ajuntamentbenissano.es\/es\/wp-json\/wp\/v2\/media\/271"}],"wp:attachment":[{"href":"https:\/\/ajuntamentbenissano.es\/es\/wp-json\/wp\/v2\/media?parent=260"}],"wp:term":[{"taxonomy":"category","embeddable":true,"href":"https:\/\/ajuntamentbenissano.es\/es\/wp-json\/wp\/v2\/categories?post=260"},{"taxonomy":"post_tag","embeddable":true,"href":"https:\/\/ajuntamentbenissano.es\/es\/wp-json\/wp\/v2\/tags?post=260"}],"curies":[{"name":"wp","href":"https:\/\/api.w.org\/{rel}","templated":true}]}}